{"id":22986,"date":"2024-03-20T10:49:01","date_gmt":"2024-03-20T09:49:01","guid":{"rendered":"https:\/\/erbolinea.com\/?p=22986"},"modified":"2024-03-20T11:09:19","modified_gmt":"2024-03-20T10:09:19","slug":"salone-del-mobile-2024","status":"publish","type":"post","link":"https:\/\/erbolinea.com\/fr\/salone-del-mobile-2024\/","title":{"rendered":"SALON DU MEUBLE 2024"},"content":{"rendered":"<p style=\"text-align: center;\"><span style=\"color: #c00000;\">Le Salone del Mobile est le plus grand salon mondial de l'industrie du design et du mobilier.<\/span><\/p>\n<p style=\"text-align: center;\"><span style=\"color: #c00000;\">L'\u00e9v\u00e9nement offre un panorama \u00e0 360\u00b0 de l'univers du home system, de l'unique au coordonn\u00e9, du classique au design. Une sc\u00e8ne qui a toujours alli\u00e9 business et culture, faisant l'histoire du design et de l'ameublement d'hier, d'aujourd'hui et de demain, qui se pr\u00e9sente au monde avec une offre de produits de la plus haute qualit\u00e9, sous le signe de l'innovation. <\/span><\/p>\n<p style=\"text-align: center;\"><span style=\"color: #c00000;\">Une offre qui allie qualit\u00e9 et technologie, fruit de la cr\u00e9ativit\u00e9 des meilleures entreprises du secteur, capables de d\u00e9velopper leur activit\u00e9 en investissant chaque ann\u00e9e dans l'innovation de produits et de solutions pour la vie. <\/span><\/p>\n<h3 style=\"text-align: center;\">Nous serons pr\u00e9sents au FUORI SALONE DEL MOBILE MILANO, du 16 au 21 avril 2024, \u00e0 :<\/h3>\n<h3 style=\"text-align: center;\">Usine 31<br \/>\nVia Tortona 31, 20144, Milan.<br \/>\nShowroom (anciennement Forte Forte)<\/h3>\n<div class=\"row\"  id=\"row-2139653068\">\n<p style=\"text-align: center;\">\n\t<div id=\"col-221927498\" class=\"col small-12 large-12\"  >\n\t\t\t\t<div class=\"col-inner text-center\"  >\n\t\t\t\n\t\t\t\n<p style=\"text-align: center;\">\t<div class=\"img has-hover x md-x lg-x y md-y lg-y\" id=\"image_1302208679\">\n\t\t\t\t\t\t\t\t<div class=\"img-inner dark\" >\n\t\t\t<img loading=\"lazy\" decoding=\"async\" width=\"800\" height=\"800\" src=\"https:\/\/erbolinea.com\/wp-content\/uploads\/2024\/03\/Erbolinea_SaloneMobile_2024_80_2-800x800.jpg\" class=\"attachment-large size-large\" alt=\"\" srcset=\"https:\/\/erbolinea.com\/wp-content\/uploads\/2024\/03\/Erbolinea_SaloneMobile_2024_80_2-800x800.jpg 800w, https:\/\/erbolinea.com\/wp-content\/uploads\/2024\/03\/Erbolinea_SaloneMobile_2024_80_2-400x400.jpg 400w, https:\/\/erbolinea.com\/wp-content\/uploads\/2024\/03\/Erbolinea_SaloneMobile_2024_80_2-500x500.jpg 500w, https:\/\/erbolinea.com\/wp-content\/uploads\/2024\/03\/Erbolinea_SaloneMobile_2024_80_2-768x768.jpg 768w, https:\/\/erbolinea.com\/wp-content\/uploads\/2024\/03\/Erbolinea_SaloneMobile_2024_80_2-12x12.jpg 12w, https:\/\/erbolinea.com\/wp-content\/uploads\/2024\/03\/Erbolinea_SaloneMobile_2024_80_2-600x600.jpg 600w, https:\/\/erbolinea.com\/wp-content\/uploads\/2024\/03\/Erbolinea_SaloneMobile_2024_80_2-170x170.jpg 170w, https:\/\/erbolinea.com\/wp-content\/uploads\/2024\/03\/Erbolinea_SaloneMobile_2024_80_2.jpg 1500w\" sizes=\"auto, (max-width: 800px) 100vw, 800px\" \/>\t\t\t\t\t\t\n\t\t\t\t\t<\/div>\n\t\t\t\t\t\t\t\t\n<style>\n#image_1302208679 {\n  width: 100%;\n}\n<\/style>\n\t<\/div>\n\t\n\t\t<\/div>\n\t\t\t\t\t<\/div>\n\n\t\n<\/div>","protected":false},"excerpt":{"rendered":"<p>Le Salone del Mobile est le plus grand salon au monde dans le secteur du design et de l'ameublement. L'\u00e9v\u00e9nement offre un panorama \u00e0 360\u00b0 du monde de la maison, de l'unique au coordonn\u00e9, du classique au design. Une sc\u00e8ne qui a toujours alli\u00e9 business et culture, faisant du design une histoire et [...]","protected":false},"author":1,"featured_media":22992,"comment_status":"closed","ping_status":"closed","sticky":false,"template":"","format":"standard","meta":{"footnotes":""},"categories":[273],"tags":[],"class_list":["post-22986","post","type-post","status-publish","format-standard","has-post-thumbnail","hentry","category-eventi"],"yoast_head":"<!-- This site is optimized with the Yoast SEO Premium plugin v26.2 (Yoast SEO v26.4) - https:\/\/yoast.com\/wordpress\/plugins\/seo\/ -->\n<title>SALONE DEL MOBILE 2024 - Erbolinea - Store Fragrances<\/title>\n<meta name=\"robots\" content=\"index, follow, max-snippet:-1, max-image-preview:large, max-video-preview:-1\" \/>\n<link rel=\"canonical\" href=\"https:\/\/erbolinea.com\/fr\/salone-del-mobile-2024\/\" \/>\n<meta property=\"og:locale\" content=\"fr_FR\" \/>\n<meta property=\"og:type\" content=\"article\" \/>\n<meta property=\"og:title\" content=\"SALONE DEL MOBILE 2024\" \/>\n<meta property=\"og:description\" content=\"Il Salone del Mobile \u00e8 l\u2019evento fieristico punto di riferimento a livello mondiale nel settore del design e dell\u2019arredamento. La manifestazione offre un panorama a 360\u00b0 sul mondo del sistema casa, dal pezzo unico al coordinato, dal classico al design. Un palcoscenico che da sempre coniuga business e cultura, facendo la storia del design e[...]\" \/>\n<meta property=\"og:url\" content=\"https:\/\/erbolinea.com\/fr\/salone-del-mobile-2024\/\" \/>\n<meta property=\"og:site_name\" content=\"Erbolinea - Store Fragrances\" \/>\n<meta property=\"article:publisher\" content=\"https:\/\/www.facebook.com\/erbolinea\" \/>\n<meta property=\"article:published_time\" content=\"2024-03-20T09:49:01+00:00\" \/>\n<meta property=\"article:modified_time\" content=\"2024-03-20T10:09:19+00:00\" \/>\n<meta property=\"og:image\" content=\"https:\/\/erbolinea.com\/wp-content\/uploads\/2024\/03\/Erbolinea_SaloneMobile_2024_80_2.jpg\" \/>\n\t<meta property=\"og:image:width\" content=\"1500\" \/>\n\t<meta property=\"og:image:height\" content=\"1500\" \/>\n\t<meta property=\"og:image:type\" content=\"image\/jpeg\" \/>\n<meta name=\"author\" content=\"admin1234\" \/>\n<meta name=\"twitter:card\" content=\"summary_large_image\" \/>\n<meta name=\"twitter:label1\" content=\"\u00c9crit par\" \/>\n\t<meta name=\"twitter:data1\" content=\"admin1234\" \/>\n\t<meta name=\"twitter:label2\" content=\"Dur\u00e9e de lecture estim\u00e9e\" \/>\n\t<meta name=\"twitter:data2\" content=\"1 minute\" \/>\n<script type=\"application\/ld+json\" class=\"yoast-schema-graph\">{\"@context\":\"https:\/\/schema.org\",\"@graph\":[{\"@type\":\"Article\",\"@id\":\"https:\/\/erbolinea.com\/salone-del-mobile-2024\/#article\",\"isPartOf\":{\"@id\":\"https:\/\/erbolinea.com\/salone-del-mobile-2024\/\"},\"author\":{\"name\":\"admin1234\",\"@id\":\"https:\/\/erbolinea.com\/#\/schema\/person\/8c729d9caed71d4e653acfb86881acd4\"},\"headline\":\"SALONE DEL MOBILE 2024\",\"datePublished\":\"2024-03-20T09:49:01+00:00\",\"dateModified\":\"2024-03-20T10:09:19+00:00\",\"mainEntityOfPage\":{\"@id\":\"https:\/\/erbolinea.com\/salone-del-mobile-2024\/\"},\"wordCount\":146,\"publisher\":{\"@id\":\"https:\/\/erbolinea.com\/#organization\"},\"image\":{\"@id\":\"https:\/\/erbolinea.com\/salone-del-mobile-2024\/#primaryimage\"},\"thumbnailUrl\":\"https:\/\/erbolinea.com\/wp-content\/uploads\/2024\/03\/Erbolinea_SaloneMobile_2024_80_2.jpg\",\"articleSection\":[\"Eventi\"],\"inLanguage\":\"fr-FR\"},{\"@type\":\"WebPage\",\"@id\":\"https:\/\/erbolinea.com\/salone-del-mobile-2024\/\",\"url\":\"https:\/\/erbolinea.com\/salone-del-mobile-2024\/\",\"name\":\"SALONE DEL MOBILE 2024 - Erbolinea - Store Fragrances\",\"isPartOf\":{\"@id\":\"https:\/\/erbolinea.com\/#website\"},\"primaryImageOfPage\":{\"@id\":\"https:\/\/erbolinea.com\/salone-del-mobile-2024\/#primaryimage\"},\"image\":{\"@id\":\"https:\/\/erbolinea.com\/salone-del-mobile-2024\/#primaryimage\"},\"thumbnailUrl\":\"https:\/\/erbolinea.com\/wp-content\/uploads\/2024\/03\/Erbolinea_SaloneMobile_2024_80_2.jpg\",\"datePublished\":\"2024-03-20T09:49:01+00:00\",\"dateModified\":\"2024-03-20T10:09:19+00:00\",\"breadcrumb\":{\"@id\":\"https:\/\/erbolinea.com\/salone-del-mobile-2024\/#breadcrumb\"},\"inLanguage\":\"fr-FR\",\"potentialAction\":[{\"@type\":\"ReadAction\",\"target\":[\"https:\/\/erbolinea.com\/salone-del-mobile-2024\/\"]}]},{\"@type\":\"ImageObject\",\"inLanguage\":\"fr-FR\",\"@id\":\"https:\/\/erbolinea.com\/salone-del-mobile-2024\/#primaryimage\",\"url\":\"https:\/\/erbolinea.com\/wp-content\/uploads\/2024\/03\/Erbolinea_SaloneMobile_2024_80_2.jpg\",\"contentUrl\":\"https:\/\/erbolinea.com\/wp-content\/uploads\/2024\/03\/Erbolinea_SaloneMobile_2024_80_2.jpg\",\"width\":1500,\"height\":1500},{\"@type\":\"BreadcrumbList\",\"@id\":\"https:\/\/erbolinea.com\/salone-del-mobile-2024\/#breadcrumb\",\"itemListElement\":[{\"@type\":\"ListItem\",\"position\":1,\"name\":\"Home\",\"item\":\"https:\/\/erbolinea.com\/\"},{\"@type\":\"ListItem\",\"position\":2,\"name\":\"SALONE DEL MOBILE 2024\"}]},{\"@type\":\"WebSite\",\"@id\":\"https:\/\/erbolinea.com\/#website\",\"url\":\"https:\/\/erbolinea.com\/\",\"name\":\"Erbolinea - Store Fragrances\",\"description\":\"Vendita diffusori di ambiente\",\"publisher\":{\"@id\":\"https:\/\/erbolinea.com\/#organization\"},\"alternateName\":\"Erbolinea\",\"potentialAction\":[{\"@type\":\"SearchAction\",\"target\":{\"@type\":\"EntryPoint\",\"urlTemplate\":\"https:\/\/erbolinea.com\/?s={search_term_string}\"},\"query-input\":{\"@type\":\"PropertyValueSpecification\",\"valueRequired\":true,\"valueName\":\"search_term_string\"}}],\"inLanguage\":\"fr-FR\"},{\"@type\":\"Organization\",\"@id\":\"https:\/\/erbolinea.com\/#organization\",\"name\":\"Erbolinea\",\"url\":\"https:\/\/erbolinea.com\/\",\"logo\":{\"@type\":\"ImageObject\",\"inLanguage\":\"fr-FR\",\"@id\":\"https:\/\/erbolinea.com\/#\/schema\/logo\/image\/\",\"url\":\"https:\/\/erbolinea.com\/wp-content\/uploads\/2020\/04\/logo-400x83_new.png\",\"contentUrl\":\"https:\/\/erbolinea.com\/wp-content\/uploads\/2020\/04\/logo-400x83_new.png\",\"width\":400,\"height\":103,\"caption\":\"Erbolinea\"},\"image\":{\"@id\":\"https:\/\/erbolinea.com\/#\/schema\/logo\/image\/\"},\"sameAs\":[\"https:\/\/www.facebook.com\/erbolinea\",\"https:\/\/www.instagram.com\/erbolinea_fragranze_srl\/\",\"https:\/\/www.youtube.com\/channel\/UCREXSGcI2lrYs6eT9VapG3w\"]},{\"@type\":\"Person\",\"@id\":\"https:\/\/erbolinea.com\/#\/schema\/person\/8c729d9caed71d4e653acfb86881acd4\",\"name\":\"admin1234\",\"image\":{\"@type\":\"ImageObject\",\"inLanguage\":\"fr-FR\",\"@id\":\"https:\/\/erbolinea.com\/#\/schema\/person\/image\/\",\"url\":\"https:\/\/secure.gravatar.com\/avatar\/af393e4c75a7db70664cc1f1f586f6ae3e750fd1b8bc951d8554fbfa5db26fc3?s=96&d=mm&r=g\",\"contentUrl\":\"https:\/\/secure.gravatar.com\/avatar\/af393e4c75a7db70664cc1f1f586f6ae3e750fd1b8bc951d8554fbfa5db26fc3?s=96&d=mm&r=g\",\"caption\":\"admin1234\"},\"url\":\"https:\/\/erbolinea.com\/fr\/author\/admin1234\/\"}]}<\/script>\n<!-- \/ Yoast SEO Premium plugin. -->","yoast_head_json":{"title":"SALON DU MEUBLE 2024 - Erbolinea - Parfums de magasins","robots":{"index":"index","follow":"follow","max-snippet":"max-snippet:-1","max-image-preview":"max-image-preview:large","max-video-preview":"max-video-preview:-1"},"canonical":"https:\/\/erbolinea.com\/fr\/salone-del-mobile-2024\/","og_locale":"fr_FR","og_type":"article","og_title":"SALONE DEL MOBILE 2024","og_description":"Il Salone del Mobile \u00e8 l\u2019evento fieristico punto di riferimento a livello mondiale nel settore del design e dell\u2019arredamento. La manifestazione offre un panorama a 360\u00b0 sul mondo del sistema casa, dal pezzo unico al coordinato, dal classico al design. Un palcoscenico che da sempre coniuga business e cultura, facendo la storia del design e[...]","og_url":"https:\/\/erbolinea.com\/fr\/salone-del-mobile-2024\/","og_site_name":"Erbolinea - Store Fragrances","article_publisher":"https:\/\/www.facebook.com\/erbolinea","article_published_time":"2024-03-20T09:49:01+00:00","article_modified_time":"2024-03-20T10:09:19+00:00","og_image":[{"width":1500,"height":1500,"url":"https:\/\/erbolinea.com\/wp-content\/uploads\/2024\/03\/Erbolinea_SaloneMobile_2024_80_2.jpg","type":"image\/jpeg"}],"author":"admin1234","twitter_card":"summary_large_image","twitter_misc":{"\u00c9crit par":"admin1234","Dur\u00e9e de lecture estim\u00e9e":"1 minute"},"schema":{"@context":"https:\/\/schema.org","@graph":[{"@type":"Article","@id":"https:\/\/erbolinea.com\/salone-del-mobile-2024\/#article","isPartOf":{"@id":"https:\/\/erbolinea.com\/salone-del-mobile-2024\/"},"author":{"name":"admin1234","@id":"https:\/\/erbolinea.com\/#\/schema\/person\/8c729d9caed71d4e653acfb86881acd4"},"headline":"SALONE DEL MOBILE 2024","datePublished":"2024-03-20T09:49:01+00:00","dateModified":"2024-03-20T10:09:19+00:00","mainEntityOfPage":{"@id":"https:\/\/erbolinea.com\/salone-del-mobile-2024\/"},"wordCount":146,"publisher":{"@id":"https:\/\/erbolinea.com\/#organization"},"image":{"@id":"https:\/\/erbolinea.com\/salone-del-mobile-2024\/#primaryimage"},"thumbnailUrl":"https:\/\/erbolinea.com\/wp-content\/uploads\/2024\/03\/Erbolinea_SaloneMobile_2024_80_2.jpg","articleSection":["Eventi"],"inLanguage":"fr-FR"},{"@type":"WebPage","@id":"https:\/\/erbolinea.com\/salone-del-mobile-2024\/","url":"https:\/\/erbolinea.com\/salone-del-mobile-2024\/","name":"SALON DU MEUBLE 2024 - Erbolinea - Parfums de magasins","isPartOf":{"@id":"https:\/\/erbolinea.com\/#website"},"primaryImageOfPage":{"@id":"https:\/\/erbolinea.com\/salone-del-mobile-2024\/#primaryimage"},"image":{"@id":"https:\/\/erbolinea.com\/salone-del-mobile-2024\/#primaryimage"},"thumbnailUrl":"https:\/\/erbolinea.com\/wp-content\/uploads\/2024\/03\/Erbolinea_SaloneMobile_2024_80_2.jpg","datePublished":"2024-03-20T09:49:01+00:00","dateModified":"2024-03-20T10:09:19+00:00","breadcrumb":{"@id":"https:\/\/erbolinea.com\/salone-del-mobile-2024\/#breadcrumb"},"inLanguage":"fr-FR","potentialAction":[{"@type":"ReadAction","target":["https:\/\/erbolinea.com\/salone-del-mobile-2024\/"]}]},{"@type":"ImageObject","inLanguage":"fr-FR","@id":"https:\/\/erbolinea.com\/salone-del-mobile-2024\/#primaryimage","url":"https:\/\/erbolinea.com\/wp-content\/uploads\/2024\/03\/Erbolinea_SaloneMobile_2024_80_2.jpg","contentUrl":"https:\/\/erbolinea.com\/wp-content\/uploads\/2024\/03\/Erbolinea_SaloneMobile_2024_80_2.jpg","width":1500,"height":1500},{"@type":"BreadcrumbList","@id":"https:\/\/erbolinea.com\/salone-del-mobile-2024\/#breadcrumb","itemListElement":[{"@type":"ListItem","position":1,"name":"Home","item":"https:\/\/erbolinea.com\/"},{"@type":"ListItem","position":2,"name":"SALONE DEL MOBILE 2024"}]},{"@type":"WebSite","@id":"https:\/\/erbolinea.com\/#website","url":"https:\/\/erbolinea.com\/","name":"Erbolinea - Parfums de magasins","description":"Diffuseurs d'ambiance \u00e0 vendre","publisher":{"@id":"https:\/\/erbolinea.com\/#organization"},"alternateName":"Erbolinea","potentialAction":[{"@type":"SearchAction","target":{"@type":"EntryPoint","urlTemplate":"https:\/\/erbolinea.com\/?s={search_term_string}"},"query-input":{"@type":"PropertyValueSpecification","valueRequired":true,"valueName":"search_term_string"}}],"inLanguage":"fr-FR"},{"@type":"Organization","@id":"https:\/\/erbolinea.com\/#organization","name":"Erbolinea","url":"https:\/\/erbolinea.com\/","logo":{"@type":"ImageObject","inLanguage":"fr-FR","@id":"https:\/\/erbolinea.com\/#\/schema\/logo\/image\/","url":"https:\/\/erbolinea.com\/wp-content\/uploads\/2020\/04\/logo-400x83_new.png","contentUrl":"https:\/\/erbolinea.com\/wp-content\/uploads\/2020\/04\/logo-400x83_new.png","width":400,"height":103,"caption":"Erbolinea"},"image":{"@id":"https:\/\/erbolinea.com\/#\/schema\/logo\/image\/"},"sameAs":["https:\/\/www.facebook.com\/erbolinea","https:\/\/www.instagram.com\/erbolinea_fragranze_srl\/","https:\/\/www.youtube.com\/channel\/UCREXSGcI2lrYs6eT9VapG3w"]},{"@type":"Person","@id":"https:\/\/erbolinea.com\/#\/schema\/person\/8c729d9caed71d4e653acfb86881acd4","name":"admin1234","image":{"@type":"ImageObject","inLanguage":"fr-FR","@id":"https:\/\/erbolinea.com\/#\/schema\/person\/image\/","url":"https:\/\/secure.gravatar.com\/avatar\/af393e4c75a7db70664cc1f1f586f6ae3e750fd1b8bc951d8554fbfa5db26fc3?s=96&d=mm&r=g","contentUrl":"https:\/\/secure.gravatar.com\/avatar\/af393e4c75a7db70664cc1f1f586f6ae3e750fd1b8bc951d8554fbfa5db26fc3?s=96&d=mm&r=g","caption":"admin1234"},"url":"https:\/\/erbolinea.com\/fr\/author\/admin1234\/"}]}},"_links":{"self":[{"href":"https:\/\/erbolinea.com\/fr\/wp-json\/wp\/v2\/posts\/22986","targetHints":{"allow":["GET"]}}],"collection":[{"href":"https:\/\/erbolinea.com\/fr\/wp-json\/wp\/v2\/posts"}],"about":[{"href":"https:\/\/erbolinea.com\/fr\/wp-json\/wp\/v2\/types\/post"}],"author":[{"embeddable":true,"href":"https:\/\/erbolinea.com\/fr\/wp-json\/wp\/v2\/users\/1"}],"replies":[{"embeddable":true,"href":"https:\/\/erbolinea.com\/fr\/wp-json\/wp\/v2\/comments?post=22986"}],"version-history":[{"count":7,"href":"https:\/\/erbolinea.com\/fr\/wp-json\/wp\/v2\/posts\/22986\/revisions"}],"predecessor-version":[{"id":22996,"href":"https:\/\/erbolinea.com\/fr\/wp-json\/wp\/v2\/posts\/22986\/revisions\/22996"}],"wp:featuredmedia":[{"embeddable":true,"href":"https:\/\/erbolinea.com\/fr\/wp-json\/wp\/v2\/media\/22992"}],"wp:attachment":[{"href":"https:\/\/erbolinea.com\/fr\/wp-json\/wp\/v2\/media?parent=22986"}],"wp:term":[{"taxonomy":"category","embeddable":true,"href":"https:\/\/erbolinea.com\/fr\/wp-json\/wp\/v2\/categories?post=22986"},{"taxonomy":"post_tag","embeddable":true,"href":"https:\/\/erbolinea.com\/fr\/wp-json\/wp\/v2\/tags?post=22986"}],"curies":[{"name":"wp","href":"https:\/\/api.w.org\/{rel}","templated":true}]}}