{"id":22661,"date":"2024-01-10T10:42:06","date_gmt":"2024-01-10T09:42:06","guid":{"rendered":"https:\/\/erbolinea.com\/?p=22661"},"modified":"2024-01-11T10:22:16","modified_gmt":"2024-01-11T09:22:16","slug":"milano-home-2024","status":"publish","type":"post","link":"https:\/\/erbolinea.com\/fr\/milano-home-2024\/","title":{"rendered":"MILAN HOME 2024"},"content":{"rendered":"<p style=\"text-align: center;\"><span style=\"color: #c00000;\">MILANO HOME : l'espace d'exposition du salon qui pr\u00e9sente tous les styles qui caract\u00e9risent les espaces de vie d'aujourd'hui.<\/span><\/p>\n<p style=\"text-align: center;\"><span style=\"color: #c00000;\">Des parfums, des tissus, des objets, des id\u00e9es et des inspirations pour la maison, capables d'enflammer l'imagination, de promouvoir le bien-\u00eatre, d'\u00e9veiller les sens et de r\u00e9pondre aux besoins des clients de toutes les g\u00e9n\u00e9rations.<\/span><\/p>\n<h3 style=\"text-align: center;\">Nous vous attendons \u00e0 Milan du 11 au 14 janvier 2024, dans le hall 1, stand E32\/34-F31-33.<\/h3>\n<div class=\"row\"  id=\"row-1648701370\">\n<p style=\"text-align: center;\">\n\t<div id=\"col-876142429\" class=\"col small-12 large-12\"  >\n\t\t\t\t<div class=\"col-inner text-center\"  >\n\t\t\t\n\t\t\t\n<p style=\"text-align: center;\">\t<div class=\"img has-hover x md-x lg-x y md-y lg-y\" id=\"image_1989654149\">\n\t\t\t\t\t\t\t\t<div class=\"img-inner dark\" >\n\t\t\t<img loading=\"lazy\" decoding=\"async\" width=\"800\" height=\"800\" src=\"https:\/\/erbolinea.com\/wp-content\/uploads\/2024\/01\/Erbolinea-10Gen24-800x800.jpg\" class=\"attachment-large size-large\" alt=\"\" srcset=\"https:\/\/erbolinea.com\/wp-content\/uploads\/2024\/01\/Erbolinea-10Gen24-800x800.jpg 800w, https:\/\/erbolinea.com\/wp-content\/uploads\/2024\/01\/Erbolinea-10Gen24-400x400.jpg 400w, https:\/\/erbolinea.com\/wp-content\/uploads\/2024\/01\/Erbolinea-10Gen24-500x500.jpg 500w, https:\/\/erbolinea.com\/wp-content\/uploads\/2024\/01\/Erbolinea-10Gen24-768x768.jpg 768w, https:\/\/erbolinea.com\/wp-content\/uploads\/2024\/01\/Erbolinea-10Gen24-12x12.jpg 12w, https:\/\/erbolinea.com\/wp-content\/uploads\/2024\/01\/Erbolinea-10Gen24-600x600.jpg 600w, https:\/\/erbolinea.com\/wp-content\/uploads\/2024\/01\/Erbolinea-10Gen24-170x170.jpg 170w, https:\/\/erbolinea.com\/wp-content\/uploads\/2024\/01\/Erbolinea-10Gen24.jpg 1500w\" sizes=\"auto, (max-width: 800px) 100vw, 800px\" \/>\t\t\t\t\t\t\n\t\t\t\t\t<\/div>\n\t\t\t\t\t\t\t\t\n<style>\n#image_1989654149 {\n  width: 100%;\n}\n<\/style>\n\t<\/div>\n\t\n\t\t<\/div>\n\t\t\t\t\t<\/div>\n\n\t\n<\/div>","protected":false},"excerpt":{"rendered":"<p>MILANO HOME : l'espace d'exposition qui met en sc\u00e8ne tous les styles qui caract\u00e9risent les espaces de vie d'aujourd'hui. Des parfums, des tissus, des objets, des id\u00e9es et des inspirations pour la maison, capables d'enflammer l'imagination, de promouvoir le bien-\u00eatre, d'\u00e9veiller les sens et de r\u00e9pondre aux besoins des clients de toutes les g\u00e9n\u00e9rations. Nous vous donnons rendez-vous \u00e0 Milan du 11 au 14 janvier 2024,[...]","protected":false},"author":1,"featured_media":22670,"comment_status":"closed","ping_status":"closed","sticky":false,"template":"","format":"standard","meta":{"footnotes":""},"categories":[273],"tags":[],"class_list":["post-22661","post","type-post","status-publish","format-standard","has-post-thumbnail","hentry","category-eventi"],"yoast_head":"<!-- This site is optimized with the Yoast SEO Premium plugin v26.2 (Yoast SEO v26.4) - https:\/\/yoast.com\/wordpress\/plugins\/seo\/ -->\n<title>MILANO HOME 2024 - Erbolinea - Store Fragrances<\/title>\n<meta name=\"robots\" content=\"index, follow, max-snippet:-1, max-image-preview:large, max-video-preview:-1\" \/>\n<link rel=\"canonical\" href=\"https:\/\/erbolinea.com\/fr\/milano-home-2024\/\" \/>\n<meta property=\"og:locale\" content=\"fr_FR\" \/>\n<meta property=\"og:type\" content=\"article\" \/>\n<meta property=\"og:title\" content=\"MILANO HOME 2024\" \/>\n<meta property=\"og:description\" content=\"MILANO HOME: Lo spazio fieristico espositivo che rende protagonisti tutti gli stili che caratterizzano oggi i luoghi dell\u2019abitare. Profumazioni, tessuti, oggetti, idee e ispirazioni per la casa, capaci di accendere l\u2019immaginazione, favorire il benessere, coinvolgere i sensi e rispondere alle esigenze di clienti di ogni generazione. Vi aspettiamo a Milano dall\u201911 al 14 gennaio 2024,[...]\" \/>\n<meta property=\"og:url\" content=\"https:\/\/erbolinea.com\/fr\/milano-home-2024\/\" \/>\n<meta property=\"og:site_name\" content=\"Erbolinea - Store Fragrances\" \/>\n<meta property=\"article:publisher\" content=\"https:\/\/www.facebook.com\/erbolinea\" \/>\n<meta property=\"article:published_time\" content=\"2024-01-10T09:42:06+00:00\" \/>\n<meta property=\"article:modified_time\" content=\"2024-01-11T09:22:16+00:00\" \/>\n<meta property=\"og:image\" content=\"https:\/\/erbolinea.com\/wp-content\/uploads\/2024\/01\/Erbolinea-10Gen24.jpg\" \/>\n\t<meta property=\"og:image:width\" content=\"1500\" \/>\n\t<meta property=\"og:image:height\" content=\"1500\" \/>\n\t<meta property=\"og:image:type\" content=\"image\/jpeg\" \/>\n<meta name=\"author\" content=\"admin1234\" \/>\n<meta name=\"twitter:card\" content=\"summary_large_image\" \/>\n<meta name=\"twitter:label1\" content=\"\u00c9crit par\" \/>\n\t<meta name=\"twitter:data1\" content=\"admin1234\" \/>\n\t<meta name=\"twitter:label2\" content=\"Dur\u00e9e de lecture estim\u00e9e\" \/>\n\t<meta name=\"twitter:data2\" content=\"1 minute\" \/>\n<script type=\"application\/ld+json\" class=\"yoast-schema-graph\">{\"@context\":\"https:\/\/schema.org\",\"@graph\":[{\"@type\":\"Article\",\"@id\":\"https:\/\/erbolinea.com\/milano-home-2024\/#article\",\"isPartOf\":{\"@id\":\"https:\/\/erbolinea.com\/milano-home-2024\/\"},\"author\":{\"name\":\"admin1234\",\"@id\":\"https:\/\/erbolinea.com\/#\/schema\/person\/8c729d9caed71d4e653acfb86881acd4\"},\"headline\":\"MILANO HOME 2024\",\"datePublished\":\"2024-01-10T09:42:06+00:00\",\"dateModified\":\"2024-01-11T09:22:16+00:00\",\"mainEntityOfPage\":{\"@id\":\"https:\/\/erbolinea.com\/milano-home-2024\/\"},\"wordCount\":75,\"publisher\":{\"@id\":\"https:\/\/erbolinea.com\/#organization\"},\"image\":{\"@id\":\"https:\/\/erbolinea.com\/milano-home-2024\/#primaryimage\"},\"thumbnailUrl\":\"https:\/\/erbolinea.com\/wp-content\/uploads\/2024\/01\/Erbolinea-10Gen24.jpg\",\"articleSection\":[\"Eventi\"],\"inLanguage\":\"fr-FR\"},{\"@type\":\"WebPage\",\"@id\":\"https:\/\/erbolinea.com\/milano-home-2024\/\",\"url\":\"https:\/\/erbolinea.com\/milano-home-2024\/\",\"name\":\"MILANO HOME 2024 - Erbolinea - Store Fragrances\",\"isPartOf\":{\"@id\":\"https:\/\/erbolinea.com\/#website\"},\"primaryImageOfPage\":{\"@id\":\"https:\/\/erbolinea.com\/milano-home-2024\/#primaryimage\"},\"image\":{\"@id\":\"https:\/\/erbolinea.com\/milano-home-2024\/#primaryimage\"},\"thumbnailUrl\":\"https:\/\/erbolinea.com\/wp-content\/uploads\/2024\/01\/Erbolinea-10Gen24.jpg\",\"datePublished\":\"2024-01-10T09:42:06+00:00\",\"dateModified\":\"2024-01-11T09:22:16+00:00\",\"breadcrumb\":{\"@id\":\"https:\/\/erbolinea.com\/milano-home-2024\/#breadcrumb\"},\"inLanguage\":\"fr-FR\",\"potentialAction\":[{\"@type\":\"ReadAction\",\"target\":[\"https:\/\/erbolinea.com\/milano-home-2024\/\"]}]},{\"@type\":\"ImageObject\",\"inLanguage\":\"fr-FR\",\"@id\":\"https:\/\/erbolinea.com\/milano-home-2024\/#primaryimage\",\"url\":\"https:\/\/erbolinea.com\/wp-content\/uploads\/2024\/01\/Erbolinea-10Gen24.jpg\",\"contentUrl\":\"https:\/\/erbolinea.com\/wp-content\/uploads\/2024\/01\/Erbolinea-10Gen24.jpg\",\"width\":1500,\"height\":1500},{\"@type\":\"BreadcrumbList\",\"@id\":\"https:\/\/erbolinea.com\/milano-home-2024\/#breadcrumb\",\"itemListElement\":[{\"@type\":\"ListItem\",\"position\":1,\"name\":\"Home\",\"item\":\"https:\/\/erbolinea.com\/\"},{\"@type\":\"ListItem\",\"position\":2,\"name\":\"MILANO HOME 2024\"}]},{\"@type\":\"WebSite\",\"@id\":\"https:\/\/erbolinea.com\/#website\",\"url\":\"https:\/\/erbolinea.com\/\",\"name\":\"Erbolinea - Store Fragrances\",\"description\":\"Vendita diffusori di ambiente\",\"publisher\":{\"@id\":\"https:\/\/erbolinea.com\/#organization\"},\"alternateName\":\"Erbolinea\",\"potentialAction\":[{\"@type\":\"SearchAction\",\"target\":{\"@type\":\"EntryPoint\",\"urlTemplate\":\"https:\/\/erbolinea.com\/?s={search_term_string}\"},\"query-input\":{\"@type\":\"PropertyValueSpecification\",\"valueRequired\":true,\"valueName\":\"search_term_string\"}}],\"inLanguage\":\"fr-FR\"},{\"@type\":\"Organization\",\"@id\":\"https:\/\/erbolinea.com\/#organization\",\"name\":\"Erbolinea\",\"url\":\"https:\/\/erbolinea.com\/\",\"logo\":{\"@type\":\"ImageObject\",\"inLanguage\":\"fr-FR\",\"@id\":\"https:\/\/erbolinea.com\/#\/schema\/logo\/image\/\",\"url\":\"https:\/\/erbolinea.com\/wp-content\/uploads\/2020\/04\/logo-400x83_new.png\",\"contentUrl\":\"https:\/\/erbolinea.com\/wp-content\/uploads\/2020\/04\/logo-400x83_new.png\",\"width\":400,\"height\":103,\"caption\":\"Erbolinea\"},\"image\":{\"@id\":\"https:\/\/erbolinea.com\/#\/schema\/logo\/image\/\"},\"sameAs\":[\"https:\/\/www.facebook.com\/erbolinea\",\"https:\/\/www.instagram.com\/erbolinea_fragranze_srl\/\",\"https:\/\/www.youtube.com\/channel\/UCREXSGcI2lrYs6eT9VapG3w\"]},{\"@type\":\"Person\",\"@id\":\"https:\/\/erbolinea.com\/#\/schema\/person\/8c729d9caed71d4e653acfb86881acd4\",\"name\":\"admin1234\",\"image\":{\"@type\":\"ImageObject\",\"inLanguage\":\"fr-FR\",\"@id\":\"https:\/\/erbolinea.com\/#\/schema\/person\/image\/\",\"url\":\"https:\/\/secure.gravatar.com\/avatar\/af393e4c75a7db70664cc1f1f586f6ae3e750fd1b8bc951d8554fbfa5db26fc3?s=96&d=mm&r=g\",\"contentUrl\":\"https:\/\/secure.gravatar.com\/avatar\/af393e4c75a7db70664cc1f1f586f6ae3e750fd1b8bc951d8554fbfa5db26fc3?s=96&d=mm&r=g\",\"caption\":\"admin1234\"},\"url\":\"https:\/\/erbolinea.com\/fr\/author\/admin1234\/\"}]}<\/script>\n<!-- \/ Yoast SEO Premium plugin. -->","yoast_head_json":{"title":"MILAN HOME 2024 - Erbolinea - Store Fragrances","robots":{"index":"index","follow":"follow","max-snippet":"max-snippet:-1","max-image-preview":"max-image-preview:large","max-video-preview":"max-video-preview:-1"},"canonical":"https:\/\/erbolinea.com\/fr\/milano-home-2024\/","og_locale":"fr_FR","og_type":"article","og_title":"MILANO HOME 2024","og_description":"MILANO HOME: Lo spazio fieristico espositivo che rende protagonisti tutti gli stili che caratterizzano oggi i luoghi dell\u2019abitare. Profumazioni, tessuti, oggetti, idee e ispirazioni per la casa, capaci di accendere l\u2019immaginazione, favorire il benessere, coinvolgere i sensi e rispondere alle esigenze di clienti di ogni generazione. Vi aspettiamo a Milano dall\u201911 al 14 gennaio 2024,[...]","og_url":"https:\/\/erbolinea.com\/fr\/milano-home-2024\/","og_site_name":"Erbolinea - Store Fragrances","article_publisher":"https:\/\/www.facebook.com\/erbolinea","article_published_time":"2024-01-10T09:42:06+00:00","article_modified_time":"2024-01-11T09:22:16+00:00","og_image":[{"width":1500,"height":1500,"url":"https:\/\/erbolinea.com\/wp-content\/uploads\/2024\/01\/Erbolinea-10Gen24.jpg","type":"image\/jpeg"}],"author":"admin1234","twitter_card":"summary_large_image","twitter_misc":{"\u00c9crit par":"admin1234","Dur\u00e9e de lecture estim\u00e9e":"1 minute"},"schema":{"@context":"https:\/\/schema.org","@graph":[{"@type":"Article","@id":"https:\/\/erbolinea.com\/milano-home-2024\/#article","isPartOf":{"@id":"https:\/\/erbolinea.com\/milano-home-2024\/"},"author":{"name":"admin1234","@id":"https:\/\/erbolinea.com\/#\/schema\/person\/8c729d9caed71d4e653acfb86881acd4"},"headline":"MILANO HOME 2024","datePublished":"2024-01-10T09:42:06+00:00","dateModified":"2024-01-11T09:22:16+00:00","mainEntityOfPage":{"@id":"https:\/\/erbolinea.com\/milano-home-2024\/"},"wordCount":75,"publisher":{"@id":"https:\/\/erbolinea.com\/#organization"},"image":{"@id":"https:\/\/erbolinea.com\/milano-home-2024\/#primaryimage"},"thumbnailUrl":"https:\/\/erbolinea.com\/wp-content\/uploads\/2024\/01\/Erbolinea-10Gen24.jpg","articleSection":["Eventi"],"inLanguage":"fr-FR"},{"@type":"WebPage","@id":"https:\/\/erbolinea.com\/milano-home-2024\/","url":"https:\/\/erbolinea.com\/milano-home-2024\/","name":"MILAN HOME 2024 - Erbolinea - Store Fragrances","isPartOf":{"@id":"https:\/\/erbolinea.com\/#website"},"primaryImageOfPage":{"@id":"https:\/\/erbolinea.com\/milano-home-2024\/#primaryimage"},"image":{"@id":"https:\/\/erbolinea.com\/milano-home-2024\/#primaryimage"},"thumbnailUrl":"https:\/\/erbolinea.com\/wp-content\/uploads\/2024\/01\/Erbolinea-10Gen24.jpg","datePublished":"2024-01-10T09:42:06+00:00","dateModified":"2024-01-11T09:22:16+00:00","breadcrumb":{"@id":"https:\/\/erbolinea.com\/milano-home-2024\/#breadcrumb"},"inLanguage":"fr-FR","potentialAction":[{"@type":"ReadAction","target":["https:\/\/erbolinea.com\/milano-home-2024\/"]}]},{"@type":"ImageObject","inLanguage":"fr-FR","@id":"https:\/\/erbolinea.com\/milano-home-2024\/#primaryimage","url":"https:\/\/erbolinea.com\/wp-content\/uploads\/2024\/01\/Erbolinea-10Gen24.jpg","contentUrl":"https:\/\/erbolinea.com\/wp-content\/uploads\/2024\/01\/Erbolinea-10Gen24.jpg","width":1500,"height":1500},{"@type":"BreadcrumbList","@id":"https:\/\/erbolinea.com\/milano-home-2024\/#breadcrumb","itemListElement":[{"@type":"ListItem","position":1,"name":"Home","item":"https:\/\/erbolinea.com\/"},{"@type":"ListItem","position":2,"name":"MILANO HOME 2024"}]},{"@type":"WebSite","@id":"https:\/\/erbolinea.com\/#website","url":"https:\/\/erbolinea.com\/","name":"Erbolinea - Parfums de magasins","description":"Diffuseurs d'ambiance \u00e0 vendre","publisher":{"@id":"https:\/\/erbolinea.com\/#organization"},"alternateName":"Erbolinea","potentialAction":[{"@type":"SearchAction","target":{"@type":"EntryPoint","urlTemplate":"https:\/\/erbolinea.com\/?s={search_term_string}"},"query-input":{"@type":"PropertyValueSpecification","valueRequired":true,"valueName":"search_term_string"}}],"inLanguage":"fr-FR"},{"@type":"Organization","@id":"https:\/\/erbolinea.com\/#organization","name":"Erbolinea","url":"https:\/\/erbolinea.com\/","logo":{"@type":"ImageObject","inLanguage":"fr-FR","@id":"https:\/\/erbolinea.com\/#\/schema\/logo\/image\/","url":"https:\/\/erbolinea.com\/wp-content\/uploads\/2020\/04\/logo-400x83_new.png","contentUrl":"https:\/\/erbolinea.com\/wp-content\/uploads\/2020\/04\/logo-400x83_new.png","width":400,"height":103,"caption":"Erbolinea"},"image":{"@id":"https:\/\/erbolinea.com\/#\/schema\/logo\/image\/"},"sameAs":["https:\/\/www.facebook.com\/erbolinea","https:\/\/www.instagram.com\/erbolinea_fragranze_srl\/","https:\/\/www.youtube.com\/channel\/UCREXSGcI2lrYs6eT9VapG3w"]},{"@type":"Person","@id":"https:\/\/erbolinea.com\/#\/schema\/person\/8c729d9caed71d4e653acfb86881acd4","name":"admin1234","image":{"@type":"ImageObject","inLanguage":"fr-FR","@id":"https:\/\/erbolinea.com\/#\/schema\/person\/image\/","url":"https:\/\/secure.gravatar.com\/avatar\/af393e4c75a7db70664cc1f1f586f6ae3e750fd1b8bc951d8554fbfa5db26fc3?s=96&d=mm&r=g","contentUrl":"https:\/\/secure.gravatar.com\/avatar\/af393e4c75a7db70664cc1f1f586f6ae3e750fd1b8bc951d8554fbfa5db26fc3?s=96&d=mm&r=g","caption":"admin1234"},"url":"https:\/\/erbolinea.com\/fr\/author\/admin1234\/"}]}},"_links":{"self":[{"href":"https:\/\/erbolinea.com\/fr\/wp-json\/wp\/v2\/posts\/22661","targetHints":{"allow":["GET"]}}],"collection":[{"href":"https:\/\/erbolinea.com\/fr\/wp-json\/wp\/v2\/posts"}],"about":[{"href":"https:\/\/erbolinea.com\/fr\/wp-json\/wp\/v2\/types\/post"}],"author":[{"embeddable":true,"href":"https:\/\/erbolinea.com\/fr\/wp-json\/wp\/v2\/users\/1"}],"replies":[{"embeddable":true,"href":"https:\/\/erbolinea.com\/fr\/wp-json\/wp\/v2\/comments?post=22661"}],"version-history":[{"count":8,"href":"https:\/\/erbolinea.com\/fr\/wp-json\/wp\/v2\/posts\/22661\/revisions"}],"predecessor-version":[{"id":22673,"href":"https:\/\/erbolinea.com\/fr\/wp-json\/wp\/v2\/posts\/22661\/revisions\/22673"}],"wp:featuredmedia":[{"embeddable":true,"href":"https:\/\/erbolinea.com\/fr\/wp-json\/wp\/v2\/media\/22670"}],"wp:attachment":[{"href":"https:\/\/erbolinea.com\/fr\/wp-json\/wp\/v2\/media?parent=22661"}],"wp:term":[{"taxonomy":"category","embeddable":true,"href":"https:\/\/erbolinea.com\/fr\/wp-json\/wp\/v2\/categories?post=22661"},{"taxonomy":"post_tag","embeddable":true,"href":"https:\/\/erbolinea.com\/fr\/wp-json\/wp\/v2\/tags?post=22661"}],"curies":[{"name":"wp","href":"https:\/\/api.w.org\/{rel}","templated":true}]}}