{"id":20965,"date":"2023-09-28T10:29:15","date_gmt":"2023-09-28T08:29:15","guid":{"rendered":"https:\/\/erbolinea.com\/?p=20965"},"modified":"2023-09-28T10:29:15","modified_gmt":"2023-09-28T08:29:15","slug":"vebo","status":"publish","type":"post","link":"https:\/\/erbolinea.com\/fr\/vebo\/","title":{"rendered":"Vebo"},"content":{"rendered":"<p style=\"text-align: center;\"><span style=\"color: #c00000;\">Erbolinea sera pr\u00e9sente avec son propre stand au salon VEBO. Un grand p\u00f4le international d\u00e9di\u00e9 \u00e0 l'innovation et aux nouvelles tendances, capable de placer les exposants avec leurs produits et leurs marques au c\u0153ur d'un secteur en constante \u00e9volution, de valoriser le design de leurs entreprises et de renforcer les relations avec les utilisateurs et les clients du secteur, au nom de nouveaut\u00e9s et de collections uniques.<\/span><\/p>\n<h3 style=\"text-align: center;\">Nous nous r\u00e9jouissons de vous voir au salon VEBO \u00e0 la Mostra d'Oltremare \u00e0 Naples du 6 au 9 octobre 2023, dans le hall 3, stand 314.<\/h3>\n<p style=\"text-align: center;\"><a class=\"link-fiera\" title=\"HERBOLINEA MAISON&amp;OBJET PARIS\" href=\"https:\/\/vebofiera.com\/it\/home\/\" target=\"_blank\" rel=\"nofollow noopener\">Visitez le site<\/a><\/p>\n<div class=\"row\"  id=\"row-454578387\">\n<p style=\"text-align: center;\">\n\t<div id=\"col-361885857\" class=\"col small-12 large-12\"  >\n\t\t\t\t<div class=\"col-inner text-center\"  >\n\t\t\t\n\t\t\t\n<p style=\"text-align: center;\">\t<div class=\"img has-hover x md-x lg-x y md-y lg-y\" id=\"image_11028942\">\n\t\t\t\t\t\t\t\t<div class=\"img-inner dark\" >\n\t\t\t<img loading=\"lazy\" decoding=\"async\" width=\"800\" height=\"800\" src=\"https:\/\/erbolinea.com\/wp-content\/uploads\/2023\/09\/Erbolinea_FieraVebo23-Website-800x800.jpg\" class=\"attachment-large size-large\" alt=\"\" srcset=\"https:\/\/erbolinea.com\/wp-content\/uploads\/2023\/09\/Erbolinea_FieraVebo23-Website-800x800.jpg 800w, https:\/\/erbolinea.com\/wp-content\/uploads\/2023\/09\/Erbolinea_FieraVebo23-Website-400x400.jpg 400w, https:\/\/erbolinea.com\/wp-content\/uploads\/2023\/09\/Erbolinea_FieraVebo23-Website-500x500.jpg 500w, https:\/\/erbolinea.com\/wp-content\/uploads\/2023\/09\/Erbolinea_FieraVebo23-Website-768x768.jpg 768w, https:\/\/erbolinea.com\/wp-content\/uploads\/2023\/09\/Erbolinea_FieraVebo23-Website-12x12.jpg 12w, https:\/\/erbolinea.com\/wp-content\/uploads\/2023\/09\/Erbolinea_FieraVebo23-Website-600x600.jpg 600w, https:\/\/erbolinea.com\/wp-content\/uploads\/2023\/09\/Erbolinea_FieraVebo23-Website-170x170.jpg 170w, https:\/\/erbolinea.com\/wp-content\/uploads\/2023\/09\/Erbolinea_FieraVebo23-Website.jpg 1500w\" sizes=\"auto, (max-width: 800px) 100vw, 800px\" \/>\t\t\t\t\t\t\n\t\t\t\t\t<\/div>\n\t\t\t\t\t\t\t\t\n<style>\n#image_11028942 {\n  width: 100%;\n}\n<\/style>\n\t<\/div>\n\t\n\t\t<\/div>\n\t\t\t\t\t<\/div>\n\n\t\n<\/div>","protected":false},"excerpt":{"rendered":"<p>Erbolinea sera pr\u00e9sente avec son propre stand au salon VEBO. Un grand p\u00f4le international d\u00e9di\u00e9 \u00e0 l'innovation et aux nouvelles tendances, capable de placer les exposants, avec leurs produits et leurs marques, au centre d'un secteur en constante \u00e9volution, de valoriser le design de leurs entreprises et de renforcer les relations avec les utilisateurs de l'industrie et [...]","protected":false},"author":1,"featured_media":20966,"comment_status":"closed","ping_status":"closed","sticky":false,"template":"","format":"standard","meta":{"footnotes":""},"categories":[273],"tags":[],"class_list":["post-20965","post","type-post","status-publish","format-standard","has-post-thumbnail","hentry","category-eventi"],"yoast_head":"<!-- This site is optimized with the Yoast SEO Premium plugin v26.2 (Yoast SEO v26.4) - https:\/\/yoast.com\/wordpress\/plugins\/seo\/ -->\n<title>Vebo - Erbolinea - Store Fragrances<\/title>\n<meta name=\"robots\" content=\"index, follow, max-snippet:-1, max-image-preview:large, max-video-preview:-1\" \/>\n<link rel=\"canonical\" href=\"https:\/\/erbolinea.com\/fr\/vebo\/\" \/>\n<meta property=\"og:locale\" content=\"fr_FR\" \/>\n<meta property=\"og:type\" content=\"article\" \/>\n<meta property=\"og:title\" content=\"Vebo\" \/>\n<meta property=\"og:description\" content=\"Erbolinea sar\u00e0 presente con il suo stand alla Fiera VEBO. Un grande polo internazionale dedicato all\u2019innovazione e alle nuove tendenze, capace di porre gli espositori con i loro prodotti e brand al centro di un settore in continua evoluzione, valorizzando il design della propria azienda e rafforzando i rapporti con gli utenti del settore ed[...]\" \/>\n<meta property=\"og:url\" content=\"https:\/\/erbolinea.com\/fr\/vebo\/\" \/>\n<meta property=\"og:site_name\" content=\"Erbolinea - Store Fragrances\" \/>\n<meta property=\"article:publisher\" content=\"https:\/\/www.facebook.com\/erbolinea\" \/>\n<meta property=\"article:published_time\" content=\"2023-09-28T08:29:15+00:00\" \/>\n<meta property=\"og:image\" content=\"https:\/\/erbolinea.com\/wp-content\/uploads\/2023\/09\/Erbolinea_FieraVebo23-Website.jpg\" \/>\n\t<meta property=\"og:image:width\" content=\"1500\" \/>\n\t<meta property=\"og:image:height\" content=\"1500\" \/>\n\t<meta property=\"og:image:type\" content=\"image\/jpeg\" \/>\n<meta name=\"author\" content=\"admin1234\" \/>\n<meta name=\"twitter:card\" content=\"summary_large_image\" \/>\n<meta name=\"twitter:label1\" content=\"\u00c9crit par\" \/>\n\t<meta name=\"twitter:data1\" content=\"admin1234\" \/>\n\t<meta name=\"twitter:label2\" content=\"Dur\u00e9e de lecture estim\u00e9e\" \/>\n\t<meta name=\"twitter:data2\" content=\"1 minute\" \/>\n<script type=\"application\/ld+json\" class=\"yoast-schema-graph\">{\"@context\":\"https:\/\/schema.org\",\"@graph\":[{\"@type\":\"Article\",\"@id\":\"https:\/\/erbolinea.com\/vebo\/#article\",\"isPartOf\":{\"@id\":\"https:\/\/erbolinea.com\/vebo\/\"},\"author\":{\"name\":\"admin1234\",\"@id\":\"https:\/\/erbolinea.com\/#\/schema\/person\/8c729d9caed71d4e653acfb86881acd4\"},\"headline\":\"Vebo\",\"datePublished\":\"2023-09-28T08:29:15+00:00\",\"mainEntityOfPage\":{\"@id\":\"https:\/\/erbolinea.com\/vebo\/\"},\"wordCount\":100,\"publisher\":{\"@id\":\"https:\/\/erbolinea.com\/#organization\"},\"image\":{\"@id\":\"https:\/\/erbolinea.com\/vebo\/#primaryimage\"},\"thumbnailUrl\":\"https:\/\/erbolinea.com\/wp-content\/uploads\/2023\/09\/Erbolinea_FieraVebo23-Website.jpg\",\"articleSection\":[\"Eventi\"],\"inLanguage\":\"fr-FR\"},{\"@type\":\"WebPage\",\"@id\":\"https:\/\/erbolinea.com\/vebo\/\",\"url\":\"https:\/\/erbolinea.com\/vebo\/\",\"name\":\"Vebo - Erbolinea - Store Fragrances\",\"isPartOf\":{\"@id\":\"https:\/\/erbolinea.com\/#website\"},\"primaryImageOfPage\":{\"@id\":\"https:\/\/erbolinea.com\/vebo\/#primaryimage\"},\"image\":{\"@id\":\"https:\/\/erbolinea.com\/vebo\/#primaryimage\"},\"thumbnailUrl\":\"https:\/\/erbolinea.com\/wp-content\/uploads\/2023\/09\/Erbolinea_FieraVebo23-Website.jpg\",\"datePublished\":\"2023-09-28T08:29:15+00:00\",\"breadcrumb\":{\"@id\":\"https:\/\/erbolinea.com\/vebo\/#breadcrumb\"},\"inLanguage\":\"fr-FR\",\"potentialAction\":[{\"@type\":\"ReadAction\",\"target\":[\"https:\/\/erbolinea.com\/vebo\/\"]}]},{\"@type\":\"ImageObject\",\"inLanguage\":\"fr-FR\",\"@id\":\"https:\/\/erbolinea.com\/vebo\/#primaryimage\",\"url\":\"https:\/\/erbolinea.com\/wp-content\/uploads\/2023\/09\/Erbolinea_FieraVebo23-Website.jpg\",\"contentUrl\":\"https:\/\/erbolinea.com\/wp-content\/uploads\/2023\/09\/Erbolinea_FieraVebo23-Website.jpg\",\"width\":1500,\"height\":1500},{\"@type\":\"BreadcrumbList\",\"@id\":\"https:\/\/erbolinea.com\/vebo\/#breadcrumb\",\"itemListElement\":[{\"@type\":\"ListItem\",\"position\":1,\"name\":\"Home\",\"item\":\"https:\/\/erbolinea.com\/\"},{\"@type\":\"ListItem\",\"position\":2,\"name\":\"Vebo\"}]},{\"@type\":\"WebSite\",\"@id\":\"https:\/\/erbolinea.com\/#website\",\"url\":\"https:\/\/erbolinea.com\/\",\"name\":\"Erbolinea - Store Fragrances\",\"description\":\"Vendita diffusori di ambiente\",\"publisher\":{\"@id\":\"https:\/\/erbolinea.com\/#organization\"},\"alternateName\":\"Erbolinea\",\"potentialAction\":[{\"@type\":\"SearchAction\",\"target\":{\"@type\":\"EntryPoint\",\"urlTemplate\":\"https:\/\/erbolinea.com\/?s={search_term_string}\"},\"query-input\":{\"@type\":\"PropertyValueSpecification\",\"valueRequired\":true,\"valueName\":\"search_term_string\"}}],\"inLanguage\":\"fr-FR\"},{\"@type\":\"Organization\",\"@id\":\"https:\/\/erbolinea.com\/#organization\",\"name\":\"Erbolinea\",\"url\":\"https:\/\/erbolinea.com\/\",\"logo\":{\"@type\":\"ImageObject\",\"inLanguage\":\"fr-FR\",\"@id\":\"https:\/\/erbolinea.com\/#\/schema\/logo\/image\/\",\"url\":\"https:\/\/erbolinea.com\/wp-content\/uploads\/2020\/04\/logo-400x83_new.png\",\"contentUrl\":\"https:\/\/erbolinea.com\/wp-content\/uploads\/2020\/04\/logo-400x83_new.png\",\"width\":400,\"height\":103,\"caption\":\"Erbolinea\"},\"image\":{\"@id\":\"https:\/\/erbolinea.com\/#\/schema\/logo\/image\/\"},\"sameAs\":[\"https:\/\/www.facebook.com\/erbolinea\",\"https:\/\/www.instagram.com\/erbolinea_fragranze_srl\/\",\"https:\/\/www.youtube.com\/channel\/UCREXSGcI2lrYs6eT9VapG3w\"]},{\"@type\":\"Person\",\"@id\":\"https:\/\/erbolinea.com\/#\/schema\/person\/8c729d9caed71d4e653acfb86881acd4\",\"name\":\"admin1234\",\"image\":{\"@type\":\"ImageObject\",\"inLanguage\":\"fr-FR\",\"@id\":\"https:\/\/erbolinea.com\/#\/schema\/person\/image\/\",\"url\":\"https:\/\/secure.gravatar.com\/avatar\/af393e4c75a7db70664cc1f1f586f6ae3e750fd1b8bc951d8554fbfa5db26fc3?s=96&d=mm&r=g\",\"contentUrl\":\"https:\/\/secure.gravatar.com\/avatar\/af393e4c75a7db70664cc1f1f586f6ae3e750fd1b8bc951d8554fbfa5db26fc3?s=96&d=mm&r=g\",\"caption\":\"admin1234\"},\"url\":\"https:\/\/erbolinea.com\/fr\/author\/admin1234\/\"}]}<\/script>\n<!-- \/ Yoast SEO Premium plugin. -->","yoast_head_json":{"title":"Vebo - Erbolinea - Parfums de magasin","robots":{"index":"index","follow":"follow","max-snippet":"max-snippet:-1","max-image-preview":"max-image-preview:large","max-video-preview":"max-video-preview:-1"},"canonical":"https:\/\/erbolinea.com\/fr\/vebo\/","og_locale":"fr_FR","og_type":"article","og_title":"Vebo","og_description":"Erbolinea sar\u00e0 presente con il suo stand alla Fiera VEBO. Un grande polo internazionale dedicato all\u2019innovazione e alle nuove tendenze, capace di porre gli espositori con i loro prodotti e brand al centro di un settore in continua evoluzione, valorizzando il design della propria azienda e rafforzando i rapporti con gli utenti del settore ed[...]","og_url":"https:\/\/erbolinea.com\/fr\/vebo\/","og_site_name":"Erbolinea - Store Fragrances","article_publisher":"https:\/\/www.facebook.com\/erbolinea","article_published_time":"2023-09-28T08:29:15+00:00","og_image":[{"width":1500,"height":1500,"url":"https:\/\/erbolinea.com\/wp-content\/uploads\/2023\/09\/Erbolinea_FieraVebo23-Website.jpg","type":"image\/jpeg"}],"author":"admin1234","twitter_card":"summary_large_image","twitter_misc":{"\u00c9crit par":"admin1234","Dur\u00e9e de lecture estim\u00e9e":"1 minute"},"schema":{"@context":"https:\/\/schema.org","@graph":[{"@type":"Article","@id":"https:\/\/erbolinea.com\/vebo\/#article","isPartOf":{"@id":"https:\/\/erbolinea.com\/vebo\/"},"author":{"name":"admin1234","@id":"https:\/\/erbolinea.com\/#\/schema\/person\/8c729d9caed71d4e653acfb86881acd4"},"headline":"Vebo","datePublished":"2023-09-28T08:29:15+00:00","mainEntityOfPage":{"@id":"https:\/\/erbolinea.com\/vebo\/"},"wordCount":100,"publisher":{"@id":"https:\/\/erbolinea.com\/#organization"},"image":{"@id":"https:\/\/erbolinea.com\/vebo\/#primaryimage"},"thumbnailUrl":"https:\/\/erbolinea.com\/wp-content\/uploads\/2023\/09\/Erbolinea_FieraVebo23-Website.jpg","articleSection":["Eventi"],"inLanguage":"fr-FR"},{"@type":"WebPage","@id":"https:\/\/erbolinea.com\/vebo\/","url":"https:\/\/erbolinea.com\/vebo\/","name":"Vebo - Erbolinea - Parfums de magasin","isPartOf":{"@id":"https:\/\/erbolinea.com\/#website"},"primaryImageOfPage":{"@id":"https:\/\/erbolinea.com\/vebo\/#primaryimage"},"image":{"@id":"https:\/\/erbolinea.com\/vebo\/#primaryimage"},"thumbnailUrl":"https:\/\/erbolinea.com\/wp-content\/uploads\/2023\/09\/Erbolinea_FieraVebo23-Website.jpg","datePublished":"2023-09-28T08:29:15+00:00","breadcrumb":{"@id":"https:\/\/erbolinea.com\/vebo\/#breadcrumb"},"inLanguage":"fr-FR","potentialAction":[{"@type":"ReadAction","target":["https:\/\/erbolinea.com\/vebo\/"]}]},{"@type":"ImageObject","inLanguage":"fr-FR","@id":"https:\/\/erbolinea.com\/vebo\/#primaryimage","url":"https:\/\/erbolinea.com\/wp-content\/uploads\/2023\/09\/Erbolinea_FieraVebo23-Website.jpg","contentUrl":"https:\/\/erbolinea.com\/wp-content\/uploads\/2023\/09\/Erbolinea_FieraVebo23-Website.jpg","width":1500,"height":1500},{"@type":"BreadcrumbList","@id":"https:\/\/erbolinea.com\/vebo\/#breadcrumb","itemListElement":[{"@type":"ListItem","position":1,"name":"Home","item":"https:\/\/erbolinea.com\/"},{"@type":"ListItem","position":2,"name":"Vebo"}]},{"@type":"WebSite","@id":"https:\/\/erbolinea.com\/#website","url":"https:\/\/erbolinea.com\/","name":"Erbolinea - Parfums de magasins","description":"Diffuseurs d'ambiance \u00e0 vendre","publisher":{"@id":"https:\/\/erbolinea.com\/#organization"},"alternateName":"Erbolinea","potentialAction":[{"@type":"SearchAction","target":{"@type":"EntryPoint","urlTemplate":"https:\/\/erbolinea.com\/?s={search_term_string}"},"query-input":{"@type":"PropertyValueSpecification","valueRequired":true,"valueName":"search_term_string"}}],"inLanguage":"fr-FR"},{"@type":"Organization","@id":"https:\/\/erbolinea.com\/#organization","name":"Erbolinea","url":"https:\/\/erbolinea.com\/","logo":{"@type":"ImageObject","inLanguage":"fr-FR","@id":"https:\/\/erbolinea.com\/#\/schema\/logo\/image\/","url":"https:\/\/erbolinea.com\/wp-content\/uploads\/2020\/04\/logo-400x83_new.png","contentUrl":"https:\/\/erbolinea.com\/wp-content\/uploads\/2020\/04\/logo-400x83_new.png","width":400,"height":103,"caption":"Erbolinea"},"image":{"@id":"https:\/\/erbolinea.com\/#\/schema\/logo\/image\/"},"sameAs":["https:\/\/www.facebook.com\/erbolinea","https:\/\/www.instagram.com\/erbolinea_fragranze_srl\/","https:\/\/www.youtube.com\/channel\/UCREXSGcI2lrYs6eT9VapG3w"]},{"@type":"Person","@id":"https:\/\/erbolinea.com\/#\/schema\/person\/8c729d9caed71d4e653acfb86881acd4","name":"admin1234","image":{"@type":"ImageObject","inLanguage":"fr-FR","@id":"https:\/\/erbolinea.com\/#\/schema\/person\/image\/","url":"https:\/\/secure.gravatar.com\/avatar\/af393e4c75a7db70664cc1f1f586f6ae3e750fd1b8bc951d8554fbfa5db26fc3?s=96&d=mm&r=g","contentUrl":"https:\/\/secure.gravatar.com\/avatar\/af393e4c75a7db70664cc1f1f586f6ae3e750fd1b8bc951d8554fbfa5db26fc3?s=96&d=mm&r=g","caption":"admin1234"},"url":"https:\/\/erbolinea.com\/fr\/author\/admin1234\/"}]}},"_links":{"self":[{"href":"https:\/\/erbolinea.com\/fr\/wp-json\/wp\/v2\/posts\/20965","targetHints":{"allow":["GET"]}}],"collection":[{"href":"https:\/\/erbolinea.com\/fr\/wp-json\/wp\/v2\/posts"}],"about":[{"href":"https:\/\/erbolinea.com\/fr\/wp-json\/wp\/v2\/types\/post"}],"author":[{"embeddable":true,"href":"https:\/\/erbolinea.com\/fr\/wp-json\/wp\/v2\/users\/1"}],"replies":[{"embeddable":true,"href":"https:\/\/erbolinea.com\/fr\/wp-json\/wp\/v2\/comments?post=20965"}],"version-history":[{"count":0,"href":"https:\/\/erbolinea.com\/fr\/wp-json\/wp\/v2\/posts\/20965\/revisions"}],"wp:featuredmedia":[{"embeddable":true,"href":"https:\/\/erbolinea.com\/fr\/wp-json\/wp\/v2\/media\/20966"}],"wp:attachment":[{"href":"https:\/\/erbolinea.com\/fr\/wp-json\/wp\/v2\/media?parent=20965"}],"wp:term":[{"taxonomy":"category","embeddable":true,"href":"https:\/\/erbolinea.com\/fr\/wp-json\/wp\/v2\/categories?post=20965"},{"taxonomy":"post_tag","embeddable":true,"href":"https:\/\/erbolinea.com\/fr\/wp-json\/wp\/v2\/tags?post=20965"}],"curies":[{"name":"wp","href":"https:\/\/api.w.org\/{rel}","templated":true}]}}