{"id":28061,"date":"2026-03-16T11:59:52","date_gmt":"2026-03-16T10:59:52","guid":{"rendered":"https:\/\/erbolinea.com\/?p=28061"},"modified":"2026-03-17T12:19:04","modified_gmt":"2026-03-17T11:19:04","slug":"cosmoprof-2026","status":"publish","type":"post","link":"https:\/\/erbolinea.com\/de\/cosmoprof-2026\/","title":{"rendered":"COSMOPROF 2026"},"content":{"rendered":"<h3 style=\"text-align: center;\">Vom Labor zur Messe: Die Magie der Erbolinea-D\u00fcfte auf der Comsmoprof 2026.<\/h3>\n<p style=\"text-align: center;\"><span style=\"color: #c00000;\">Vom 26. bis 28. M\u00e4rz 2026 wird Erbolinea auf der Cosmoprof Worldwide Bologna vertreten sein, der internationalen Leitmesse f\u00fcr die Kosmetikindustrie, die seit mehr als 50 Jahren Unternehmen, Fachleute und Eink\u00e4ufer aus aller Welt zusammenbringt.<\/span><\/p>\n<p style=\"text-align: center;\"><span style=\"color: #c00000;\">Die Cosmoprof hat es sich zur Aufgabe gemacht, solide und dauerhafte Verbindungen zwischen Unternehmen und Fachleuten durch eine globale Plattform zu f\u00f6rdern, auf der sie Branchentrends entdecken und antizipieren k\u00f6nnen, indem sie Werkzeuge und M\u00f6glichkeiten anbietet, die auf die Bed\u00fcrfnisse der verschiedenen M\u00e4rkte zugeschnitten sind.<\/span><\/p>\n<p style=\"text-align: center;\"><span style=\"color: #c00000;\">Ein einzigartiges Format, das das gesamte Messegel\u00e4nde BolognaFiere mit einer Ausstellungsfl\u00e4che von \u00fcber 200.000 Quadratmetern einbezieht und drei Messen in Synergie vereint. Dazu geh\u00f6ren die Cosmopack, die der Kosmetikproduktionskette gewidmet ist, und die Cosmo Perfumery &amp; Cosmetics, die Messe, die der Welt der Parf\u00fcmerie, der Hautpflege, des Make-ups und der K\u00f6rperpflege f\u00fcr alle Einzelhandelskan\u00e4le gewidmet ist, vom Massenmarkt bis zum Premium- und Nischensegment.<\/span><\/p>\n<h3 style=\"text-align: center;\">Besuchen Sie uns in Halle 21 - Stand A11!<\/h3>\n<p style=\"text-align: center;\"><span style=\"color: #c00000;\">Sie bietet die Gelegenheit, neue Kontakte mit Fachleuten und Partnern aus der Branche zu kn\u00fcpfen und Ideen, Erfahrungen und Visionen \u00fcber die Zukunft der Welt der D\u00fcfte und Parf\u00fcmerien auszutauschen.<\/span><\/p>\n<div class=\"row\"  id=\"row-21372196\">\n<p style=\"text-align: center;\">\n\n\t<div id=\"col-635066578\" class=\"col small-12 large-12\"  >\n\t\t\t\t<div class=\"col-inner text-center\"  >\n\t\t\t\n\t\t\t\n<p style=\"text-align: center;\">\n\t<div class=\"img has-hover x md-x lg-x y md-y lg-y\" id=\"image_1965346797\">\n\t\t\t\t\t\t\t\t<div class=\"img-inner dark\" >\n\t\t\t<img loading=\"lazy\" decoding=\"async\" width=\"800\" height=\"800\" src=\"https:\/\/erbolinea.com\/wp-content\/uploads\/2026\/03\/cosmoproof_2026_80-800x800.jpg\" class=\"attachment-large size-large\" alt=\"\" srcset=\"https:\/\/erbolinea.com\/wp-content\/uploads\/2026\/03\/cosmoproof_2026_80-800x800.jpg 800w, https:\/\/erbolinea.com\/wp-content\/uploads\/2026\/03\/cosmoproof_2026_80-400x400.jpg 400w, https:\/\/erbolinea.com\/wp-content\/uploads\/2026\/03\/cosmoproof_2026_80-500x500.jpg 500w, https:\/\/erbolinea.com\/wp-content\/uploads\/2026\/03\/cosmoproof_2026_80-768x768.jpg 768w, https:\/\/erbolinea.com\/wp-content\/uploads\/2026\/03\/cosmoproof_2026_80-12x12.jpg 12w, https:\/\/erbolinea.com\/wp-content\/uploads\/2026\/03\/cosmoproof_2026_80-600x600.jpg 600w, https:\/\/erbolinea.com\/wp-content\/uploads\/2026\/03\/cosmoproof_2026_80-170x170.jpg 170w, https:\/\/erbolinea.com\/wp-content\/uploads\/2026\/03\/cosmoproof_2026_80.jpg 1080w\" sizes=\"auto, (max-width: 800px) 100vw, 800px\" \/>\t\t\t\t\t\t\n\t\t\t\t\t<\/div>\n\t\t\t\t\t\t\t\t\n<style>\n#image_1965346797 {\n  width: 100%;\n}\n<\/style>\n\t<\/div>\n\t\n\t\t<\/div>\n\t\t\t\t\t<\/div>\n\n\t\n<\/div>","protected":false},"excerpt":{"rendered":"<p>Dal laboratorio alla fiera: la magia delle fragranze Erbolinea a Comsmoprof 2026. Dal 26 al 28 marzo 2026, Erbolinea sar\u00e0 presente a Cosmoprof Worldwide Bologna, l\u2019evento internazionale di riferimento per l\u2019industria cosmetica che da oltre 50 anni riunisce aziende, professionisti e buyer da tutto il mondo. La mission di Cosmoprof \u00e8 promuovere connessioni solide e[&#8230;]","protected":false},"author":1,"featured_media":28062,"comment_status":"closed","ping_status":"closed","sticky":false,"template":"","format":"standard","meta":{"footnotes":""},"categories":[273],"tags":[],"class_list":["post-28061","post","type-post","status-publish","format-standard","has-post-thumbnail","hentry","category-eventi"],"yoast_head":"<!-- This site is optimized with the Yoast SEO Premium plugin v26.2 (Yoast SEO v26.4) - https:\/\/yoast.com\/wordpress\/plugins\/seo\/ -->\n<title>COSMOPROF 2026 - Erbolinea - Store Fragrances<\/title>\n<meta name=\"robots\" content=\"index, follow, max-snippet:-1, max-image-preview:large, max-video-preview:-1\" \/>\n<link rel=\"canonical\" href=\"https:\/\/erbolinea.com\/de\/cosmoprof-2026\/\" \/>\n<meta property=\"og:locale\" content=\"de_DE\" \/>\n<meta property=\"og:type\" content=\"article\" \/>\n<meta property=\"og:title\" content=\"COSMOPROF 2026\" \/>\n<meta property=\"og:description\" content=\"Dal laboratorio alla fiera: la magia delle fragranze Erbolinea a Comsmoprof 2026. Dal 26 al 28 marzo 2026, Erbolinea sar\u00e0 presente a Cosmoprof Worldwide Bologna, l\u2019evento internazionale di riferimento per l\u2019industria cosmetica che da oltre 50 anni riunisce aziende, professionisti e buyer da tutto il mondo. La mission di Cosmoprof \u00e8 promuovere connessioni solide e[...]\" \/>\n<meta property=\"og:url\" content=\"https:\/\/erbolinea.com\/de\/cosmoprof-2026\/\" \/>\n<meta property=\"og:site_name\" content=\"Erbolinea - Store Fragrances\" \/>\n<meta property=\"article:publisher\" content=\"https:\/\/www.facebook.com\/erbolinea\" \/>\n<meta property=\"article:published_time\" content=\"2026-03-16T10:59:52+00:00\" \/>\n<meta property=\"article:modified_time\" content=\"2026-03-17T11:19:04+00:00\" \/>\n<meta property=\"og:image\" content=\"https:\/\/erbolinea.com\/wp-content\/uploads\/2026\/03\/cosmoproof_2026_80.jpg\" \/>\n\t<meta property=\"og:image:width\" content=\"1080\" \/>\n\t<meta property=\"og:image:height\" content=\"1080\" \/>\n\t<meta property=\"og:image:type\" content=\"image\/jpeg\" \/>\n<meta name=\"author\" content=\"admin1234\" \/>\n<meta name=\"twitter:card\" content=\"summary_large_image\" \/>\n<meta name=\"twitter:label1\" content=\"Verfasst von\" \/>\n\t<meta name=\"twitter:data1\" content=\"admin1234\" \/>\n\t<meta name=\"twitter:label2\" content=\"Gesch\u00e4tzte Lesezeit\" \/>\n\t<meta name=\"twitter:data2\" content=\"1\u00a0Minute\" \/>\n<script type=\"application\/ld+json\" class=\"yoast-schema-graph\">{\"@context\":\"https:\/\/schema.org\",\"@graph\":[{\"@type\":\"Article\",\"@id\":\"https:\/\/erbolinea.com\/cosmoprof-2026\/#article\",\"isPartOf\":{\"@id\":\"https:\/\/erbolinea.com\/cosmoprof-2026\/\"},\"author\":{\"name\":\"admin1234\",\"@id\":\"https:\/\/erbolinea.com\/#\/schema\/person\/8c729d9caed71d4e653acfb86881acd4\"},\"headline\":\"COSMOPROF 2026\",\"datePublished\":\"2026-03-16T10:59:52+00:00\",\"dateModified\":\"2026-03-17T11:19:04+00:00\",\"mainEntityOfPage\":{\"@id\":\"https:\/\/erbolinea.com\/cosmoprof-2026\/\"},\"wordCount\":184,\"publisher\":{\"@id\":\"https:\/\/erbolinea.com\/#organization\"},\"image\":{\"@id\":\"https:\/\/erbolinea.com\/cosmoprof-2026\/#primaryimage\"},\"thumbnailUrl\":\"https:\/\/erbolinea.com\/wp-content\/uploads\/2026\/03\/cosmoproof_2026_80.jpg\",\"articleSection\":[\"Eventi\"],\"inLanguage\":\"de\"},{\"@type\":\"WebPage\",\"@id\":\"https:\/\/erbolinea.com\/cosmoprof-2026\/\",\"url\":\"https:\/\/erbolinea.com\/cosmoprof-2026\/\",\"name\":\"COSMOPROF 2026 - Erbolinea - Store Fragrances\",\"isPartOf\":{\"@id\":\"https:\/\/erbolinea.com\/#website\"},\"primaryImageOfPage\":{\"@id\":\"https:\/\/erbolinea.com\/cosmoprof-2026\/#primaryimage\"},\"image\":{\"@id\":\"https:\/\/erbolinea.com\/cosmoprof-2026\/#primaryimage\"},\"thumbnailUrl\":\"https:\/\/erbolinea.com\/wp-content\/uploads\/2026\/03\/cosmoproof_2026_80.jpg\",\"datePublished\":\"2026-03-16T10:59:52+00:00\",\"dateModified\":\"2026-03-17T11:19:04+00:00\",\"breadcrumb\":{\"@id\":\"https:\/\/erbolinea.com\/cosmoprof-2026\/#breadcrumb\"},\"inLanguage\":\"de\",\"potentialAction\":[{\"@type\":\"ReadAction\",\"target\":[\"https:\/\/erbolinea.com\/cosmoprof-2026\/\"]}]},{\"@type\":\"ImageObject\",\"inLanguage\":\"de\",\"@id\":\"https:\/\/erbolinea.com\/cosmoprof-2026\/#primaryimage\",\"url\":\"https:\/\/erbolinea.com\/wp-content\/uploads\/2026\/03\/cosmoproof_2026_80.jpg\",\"contentUrl\":\"https:\/\/erbolinea.com\/wp-content\/uploads\/2026\/03\/cosmoproof_2026_80.jpg\",\"width\":1080,\"height\":1080},{\"@type\":\"BreadcrumbList\",\"@id\":\"https:\/\/erbolinea.com\/cosmoprof-2026\/#breadcrumb\",\"itemListElement\":[{\"@type\":\"ListItem\",\"position\":1,\"name\":\"Home\",\"item\":\"https:\/\/erbolinea.com\/\"},{\"@type\":\"ListItem\",\"position\":2,\"name\":\"COSMOPROF 2026\"}]},{\"@type\":\"WebSite\",\"@id\":\"https:\/\/erbolinea.com\/#website\",\"url\":\"https:\/\/erbolinea.com\/\",\"name\":\"Erbolinea - Store Fragrances\",\"description\":\"Vendita diffusori di ambiente\",\"publisher\":{\"@id\":\"https:\/\/erbolinea.com\/#organization\"},\"alternateName\":\"Erbolinea\",\"potentialAction\":[{\"@type\":\"SearchAction\",\"target\":{\"@type\":\"EntryPoint\",\"urlTemplate\":\"https:\/\/erbolinea.com\/?s={search_term_string}\"},\"query-input\":{\"@type\":\"PropertyValueSpecification\",\"valueRequired\":true,\"valueName\":\"search_term_string\"}}],\"inLanguage\":\"de\"},{\"@type\":\"Organization\",\"@id\":\"https:\/\/erbolinea.com\/#organization\",\"name\":\"Erbolinea\",\"url\":\"https:\/\/erbolinea.com\/\",\"logo\":{\"@type\":\"ImageObject\",\"inLanguage\":\"de\",\"@id\":\"https:\/\/erbolinea.com\/#\/schema\/logo\/image\/\",\"url\":\"https:\/\/erbolinea.com\/wp-content\/uploads\/2020\/04\/logo-400x83_new.png\",\"contentUrl\":\"https:\/\/erbolinea.com\/wp-content\/uploads\/2020\/04\/logo-400x83_new.png\",\"width\":400,\"height\":103,\"caption\":\"Erbolinea\"},\"image\":{\"@id\":\"https:\/\/erbolinea.com\/#\/schema\/logo\/image\/\"},\"sameAs\":[\"https:\/\/www.facebook.com\/erbolinea\",\"https:\/\/www.instagram.com\/erbolinea_fragranze_srl\/\",\"https:\/\/www.youtube.com\/channel\/UCREXSGcI2lrYs6eT9VapG3w\"]},{\"@type\":\"Person\",\"@id\":\"https:\/\/erbolinea.com\/#\/schema\/person\/8c729d9caed71d4e653acfb86881acd4\",\"name\":\"admin1234\",\"image\":{\"@type\":\"ImageObject\",\"inLanguage\":\"de\",\"@id\":\"https:\/\/erbolinea.com\/#\/schema\/person\/image\/\",\"url\":\"https:\/\/secure.gravatar.com\/avatar\/af393e4c75a7db70664cc1f1f586f6ae3e750fd1b8bc951d8554fbfa5db26fc3?s=96&d=mm&r=g\",\"contentUrl\":\"https:\/\/secure.gravatar.com\/avatar\/af393e4c75a7db70664cc1f1f586f6ae3e750fd1b8bc951d8554fbfa5db26fc3?s=96&d=mm&r=g\",\"caption\":\"admin1234\"},\"url\":\"https:\/\/erbolinea.com\/de\/author\/admin1234\/\"}]}<\/script>\n<!-- \/ Yoast SEO Premium plugin. -->","yoast_head_json":{"title":"COSMOPROF 2026 - Erbolinea - Store Fragrances","robots":{"index":"index","follow":"follow","max-snippet":"max-snippet:-1","max-image-preview":"max-image-preview:large","max-video-preview":"max-video-preview:-1"},"canonical":"https:\/\/erbolinea.com\/de\/cosmoprof-2026\/","og_locale":"de_DE","og_type":"article","og_title":"COSMOPROF 2026","og_description":"Dal laboratorio alla fiera: la magia delle fragranze Erbolinea a Comsmoprof 2026. Dal 26 al 28 marzo 2026, Erbolinea sar\u00e0 presente a Cosmoprof Worldwide Bologna, l\u2019evento internazionale di riferimento per l\u2019industria cosmetica che da oltre 50 anni riunisce aziende, professionisti e buyer da tutto il mondo. La mission di Cosmoprof \u00e8 promuovere connessioni solide e[...]","og_url":"https:\/\/erbolinea.com\/de\/cosmoprof-2026\/","og_site_name":"Erbolinea - Store Fragrances","article_publisher":"https:\/\/www.facebook.com\/erbolinea","article_published_time":"2026-03-16T10:59:52+00:00","article_modified_time":"2026-03-17T11:19:04+00:00","og_image":[{"width":1080,"height":1080,"url":"https:\/\/erbolinea.com\/wp-content\/uploads\/2026\/03\/cosmoproof_2026_80.jpg","type":"image\/jpeg"}],"author":"admin1234","twitter_card":"summary_large_image","twitter_misc":{"Verfasst von":"admin1234","Gesch\u00e4tzte Lesezeit":"1\u00a0Minute"},"schema":{"@context":"https:\/\/schema.org","@graph":[{"@type":"Article","@id":"https:\/\/erbolinea.com\/cosmoprof-2026\/#article","isPartOf":{"@id":"https:\/\/erbolinea.com\/cosmoprof-2026\/"},"author":{"name":"admin1234","@id":"https:\/\/erbolinea.com\/#\/schema\/person\/8c729d9caed71d4e653acfb86881acd4"},"headline":"COSMOPROF 2026","datePublished":"2026-03-16T10:59:52+00:00","dateModified":"2026-03-17T11:19:04+00:00","mainEntityOfPage":{"@id":"https:\/\/erbolinea.com\/cosmoprof-2026\/"},"wordCount":184,"publisher":{"@id":"https:\/\/erbolinea.com\/#organization"},"image":{"@id":"https:\/\/erbolinea.com\/cosmoprof-2026\/#primaryimage"},"thumbnailUrl":"https:\/\/erbolinea.com\/wp-content\/uploads\/2026\/03\/cosmoproof_2026_80.jpg","articleSection":["Eventi"],"inLanguage":"de"},{"@type":"WebPage","@id":"https:\/\/erbolinea.com\/cosmoprof-2026\/","url":"https:\/\/erbolinea.com\/cosmoprof-2026\/","name":"COSMOPROF 2026 - Erbolinea - Store Fragrances","isPartOf":{"@id":"https:\/\/erbolinea.com\/#website"},"primaryImageOfPage":{"@id":"https:\/\/erbolinea.com\/cosmoprof-2026\/#primaryimage"},"image":{"@id":"https:\/\/erbolinea.com\/cosmoprof-2026\/#primaryimage"},"thumbnailUrl":"https:\/\/erbolinea.com\/wp-content\/uploads\/2026\/03\/cosmoproof_2026_80.jpg","datePublished":"2026-03-16T10:59:52+00:00","dateModified":"2026-03-17T11:19:04+00:00","breadcrumb":{"@id":"https:\/\/erbolinea.com\/cosmoprof-2026\/#breadcrumb"},"inLanguage":"de","potentialAction":[{"@type":"ReadAction","target":["https:\/\/erbolinea.com\/cosmoprof-2026\/"]}]},{"@type":"ImageObject","inLanguage":"de","@id":"https:\/\/erbolinea.com\/cosmoprof-2026\/#primaryimage","url":"https:\/\/erbolinea.com\/wp-content\/uploads\/2026\/03\/cosmoproof_2026_80.jpg","contentUrl":"https:\/\/erbolinea.com\/wp-content\/uploads\/2026\/03\/cosmoproof_2026_80.jpg","width":1080,"height":1080},{"@type":"BreadcrumbList","@id":"https:\/\/erbolinea.com\/cosmoprof-2026\/#breadcrumb","itemListElement":[{"@type":"ListItem","position":1,"name":"Home","item":"https:\/\/erbolinea.com\/"},{"@type":"ListItem","position":2,"name":"COSMOPROF 2026"}]},{"@type":"WebSite","@id":"https:\/\/erbolinea.com\/#website","url":"https:\/\/erbolinea.com\/","name":"Erbolinea - D\u00fcfte speichern","description":"Raumdiffusoren zu verkaufen","publisher":{"@id":"https:\/\/erbolinea.com\/#organization"},"alternateName":"Erbolinea","potentialAction":[{"@type":"SearchAction","target":{"@type":"EntryPoint","urlTemplate":"https:\/\/erbolinea.com\/?s={search_term_string}"},"query-input":{"@type":"PropertyValueSpecification","valueRequired":true,"valueName":"search_term_string"}}],"inLanguage":"de"},{"@type":"Organization","@id":"https:\/\/erbolinea.com\/#organization","name":"Erbolinea","url":"https:\/\/erbolinea.com\/","logo":{"@type":"ImageObject","inLanguage":"de","@id":"https:\/\/erbolinea.com\/#\/schema\/logo\/image\/","url":"https:\/\/erbolinea.com\/wp-content\/uploads\/2020\/04\/logo-400x83_new.png","contentUrl":"https:\/\/erbolinea.com\/wp-content\/uploads\/2020\/04\/logo-400x83_new.png","width":400,"height":103,"caption":"Erbolinea"},"image":{"@id":"https:\/\/erbolinea.com\/#\/schema\/logo\/image\/"},"sameAs":["https:\/\/www.facebook.com\/erbolinea","https:\/\/www.instagram.com\/erbolinea_fragranze_srl\/","https:\/\/www.youtube.com\/channel\/UCREXSGcI2lrYs6eT9VapG3w"]},{"@type":"Person","@id":"https:\/\/erbolinea.com\/#\/schema\/person\/8c729d9caed71d4e653acfb86881acd4","name":"admin1234","image":{"@type":"ImageObject","inLanguage":"de","@id":"https:\/\/erbolinea.com\/#\/schema\/person\/image\/","url":"https:\/\/secure.gravatar.com\/avatar\/af393e4c75a7db70664cc1f1f586f6ae3e750fd1b8bc951d8554fbfa5db26fc3?s=96&d=mm&r=g","contentUrl":"https:\/\/secure.gravatar.com\/avatar\/af393e4c75a7db70664cc1f1f586f6ae3e750fd1b8bc951d8554fbfa5db26fc3?s=96&d=mm&r=g","caption":"admin1234"},"url":"https:\/\/erbolinea.com\/de\/author\/admin1234\/"}]}},"_links":{"self":[{"href":"https:\/\/erbolinea.com\/de\/wp-json\/wp\/v2\/posts\/28061","targetHints":{"allow":["GET"]}}],"collection":[{"href":"https:\/\/erbolinea.com\/de\/wp-json\/wp\/v2\/posts"}],"about":[{"href":"https:\/\/erbolinea.com\/de\/wp-json\/wp\/v2\/types\/post"}],"author":[{"embeddable":true,"href":"https:\/\/erbolinea.com\/de\/wp-json\/wp\/v2\/users\/1"}],"replies":[{"embeddable":true,"href":"https:\/\/erbolinea.com\/de\/wp-json\/wp\/v2\/comments?post=28061"}],"version-history":[{"count":3,"href":"https:\/\/erbolinea.com\/de\/wp-json\/wp\/v2\/posts\/28061\/revisions"}],"predecessor-version":[{"id":28065,"href":"https:\/\/erbolinea.com\/de\/wp-json\/wp\/v2\/posts\/28061\/revisions\/28065"}],"wp:featuredmedia":[{"embeddable":true,"href":"https:\/\/erbolinea.com\/de\/wp-json\/wp\/v2\/media\/28062"}],"wp:attachment":[{"href":"https:\/\/erbolinea.com\/de\/wp-json\/wp\/v2\/media?parent=28061"}],"wp:term":[{"taxonomy":"category","embeddable":true,"href":"https:\/\/erbolinea.com\/de\/wp-json\/wp\/v2\/categories?post=28061"},{"taxonomy":"post_tag","embeddable":true,"href":"https:\/\/erbolinea.com\/de\/wp-json\/wp\/v2\/tags?post=28061"}],"curies":[{"name":"wp","href":"https:\/\/api.w.org\/{rel}","templated":true}]}}