{"id":22986,"date":"2024-03-20T10:49:01","date_gmt":"2024-03-20T09:49:01","guid":{"rendered":"https:\/\/erbolinea.com\/?p=22986"},"modified":"2024-03-20T11:09:19","modified_gmt":"2024-03-20T10:09:19","slug":"salone-del-mobile-2024","status":"publish","type":"post","link":"https:\/\/erbolinea.com\/de\/salone-del-mobile-2024\/","title":{"rendered":"M\u00d6BELMESSE 2024"},"content":{"rendered":"<p style=\"text-align: center;\"><span style=\"color: #c00000;\">Der Salone del Mobile ist das weltweit f\u00fchrende Messeereignis der Design- und M\u00f6belindustrie.<\/span><\/p>\n<p style=\"text-align: center;\"><span style=\"color: #c00000;\">Die Veranstaltung bietet ein 360\u00b0-Panorama der Welt des Heimsystems, vom Einzigartigen zum Koordinierten, vom Klassiker zum Design. Eine B\u00fchne, die seit jeher Gesch\u00e4ft und Kultur verbindet und die Design- und Einrichtungsgeschichte von gestern, heute und morgen schreibt, die sich der Welt mit einem Angebot von Produkten h\u00f6chster Qualit\u00e4t unter dem Banner der Innovation pr\u00e4sentiert. <\/span><\/p>\n<p style=\"text-align: center;\"><span style=\"color: #c00000;\">Ein Angebot, das Qualit\u00e4t und Technologie vereint und das Ergebnis der Kreativit\u00e4t der besten Unternehmen des Sektors ist, die in der Lage sind, ihr Gesch\u00e4ft weiterzuentwickeln, indem sie jedes Jahr in die Innovation von Produkten und L\u00f6sungen f\u00fcr das Wohnen investieren. <\/span><\/p>\n<h3 style=\"text-align: center;\">Wir werden auf dem FUORI SALONE DEL MOBILE MILANO, vom 16. bis 21. April 2024, vertreten sein:<\/h3>\n<h3 style=\"text-align: center;\">Werk 31<br \/>\nVia Tortona 31, 20144, Mailand.<br \/>\nAusstellungsraum (ehemals Forte Forte)<\/h3>\n<div class=\"row\"  id=\"row-1399869072\">\n<p style=\"text-align: center;\">\n\t<div id=\"col-1366046290\" class=\"col small-12 large-12\"  >\n\t\t\t\t<div class=\"col-inner text-center\"  >\n\t\t\t\n\t\t\t\n<p style=\"text-align: center;\">\t<div class=\"img has-hover x md-x lg-x y md-y lg-y\" id=\"image_398191341\">\n\t\t\t\t\t\t\t\t<div class=\"img-inner dark\" >\n\t\t\t<img loading=\"lazy\" decoding=\"async\" width=\"800\" height=\"800\" src=\"https:\/\/erbolinea.com\/wp-content\/uploads\/2024\/03\/Erbolinea_SaloneMobile_2024_80_2-800x800.jpg\" class=\"attachment-large size-large\" alt=\"\" srcset=\"https:\/\/erbolinea.com\/wp-content\/uploads\/2024\/03\/Erbolinea_SaloneMobile_2024_80_2-800x800.jpg 800w, https:\/\/erbolinea.com\/wp-content\/uploads\/2024\/03\/Erbolinea_SaloneMobile_2024_80_2-400x400.jpg 400w, https:\/\/erbolinea.com\/wp-content\/uploads\/2024\/03\/Erbolinea_SaloneMobile_2024_80_2-500x500.jpg 500w, https:\/\/erbolinea.com\/wp-content\/uploads\/2024\/03\/Erbolinea_SaloneMobile_2024_80_2-768x768.jpg 768w, https:\/\/erbolinea.com\/wp-content\/uploads\/2024\/03\/Erbolinea_SaloneMobile_2024_80_2-12x12.jpg 12w, https:\/\/erbolinea.com\/wp-content\/uploads\/2024\/03\/Erbolinea_SaloneMobile_2024_80_2-600x600.jpg 600w, https:\/\/erbolinea.com\/wp-content\/uploads\/2024\/03\/Erbolinea_SaloneMobile_2024_80_2-170x170.jpg 170w, https:\/\/erbolinea.com\/wp-content\/uploads\/2024\/03\/Erbolinea_SaloneMobile_2024_80_2.jpg 1500w\" sizes=\"auto, (max-width: 800px) 100vw, 800px\" \/>\t\t\t\t\t\t\n\t\t\t\t\t<\/div>\n\t\t\t\t\t\t\t\t\n<style>\n#image_398191341 {\n  width: 100%;\n}\n<\/style>\n\t<\/div>\n\t\n\t\t<\/div>\n\t\t\t\t\t<\/div>\n\n\t\n<\/div>","protected":false},"excerpt":{"rendered":"<p>Der Salone del Mobile ist das weltweit f\u00fchrende Messeereignis im Bereich Design und Einrichtung. Die Veranstaltung bietet ein 360\u00b0-Panorama der Welt des Wohnsystems, vom Einzigartigen zum Koordinierten, vom Klassiker zum Design. Eine B\u00fchne, die seit jeher Gesch\u00e4ft und Kultur verbindet, die Designgeschichte schreibt und[...]","protected":false},"author":1,"featured_media":22992,"comment_status":"closed","ping_status":"closed","sticky":false,"template":"","format":"standard","meta":{"footnotes":""},"categories":[273],"tags":[],"class_list":["post-22986","post","type-post","status-publish","format-standard","has-post-thumbnail","hentry","category-eventi"],"yoast_head":"<!-- This site is optimized with the Yoast SEO Premium plugin v26.2 (Yoast SEO v26.4) - https:\/\/yoast.com\/wordpress\/plugins\/seo\/ -->\n<title>SALONE DEL MOBILE 2024 - Erbolinea - Store Fragrances<\/title>\n<meta name=\"robots\" content=\"index, follow, max-snippet:-1, max-image-preview:large, max-video-preview:-1\" \/>\n<link rel=\"canonical\" href=\"https:\/\/erbolinea.com\/de\/salone-del-mobile-2024\/\" \/>\n<meta property=\"og:locale\" content=\"de_DE\" \/>\n<meta property=\"og:type\" content=\"article\" \/>\n<meta property=\"og:title\" content=\"SALONE DEL MOBILE 2024\" \/>\n<meta property=\"og:description\" content=\"Il Salone del Mobile \u00e8 l\u2019evento fieristico punto di riferimento a livello mondiale nel settore del design e dell\u2019arredamento. La manifestazione offre un panorama a 360\u00b0 sul mondo del sistema casa, dal pezzo unico al coordinato, dal classico al design. Un palcoscenico che da sempre coniuga business e cultura, facendo la storia del design e[...]\" \/>\n<meta property=\"og:url\" content=\"https:\/\/erbolinea.com\/de\/salone-del-mobile-2024\/\" \/>\n<meta property=\"og:site_name\" content=\"Erbolinea - Store Fragrances\" \/>\n<meta property=\"article:publisher\" content=\"https:\/\/www.facebook.com\/erbolinea\" \/>\n<meta property=\"article:published_time\" content=\"2024-03-20T09:49:01+00:00\" \/>\n<meta property=\"article:modified_time\" content=\"2024-03-20T10:09:19+00:00\" \/>\n<meta property=\"og:image\" content=\"https:\/\/erbolinea.com\/wp-content\/uploads\/2024\/03\/Erbolinea_SaloneMobile_2024_80_2.jpg\" \/>\n\t<meta property=\"og:image:width\" content=\"1500\" \/>\n\t<meta property=\"og:image:height\" content=\"1500\" \/>\n\t<meta property=\"og:image:type\" content=\"image\/jpeg\" \/>\n<meta name=\"author\" content=\"admin1234\" \/>\n<meta name=\"twitter:card\" content=\"summary_large_image\" \/>\n<meta name=\"twitter:label1\" content=\"Verfasst von\" \/>\n\t<meta name=\"twitter:data1\" content=\"admin1234\" \/>\n\t<meta name=\"twitter:label2\" content=\"Gesch\u00e4tzte Lesezeit\" \/>\n\t<meta name=\"twitter:data2\" content=\"1\u00a0Minute\" \/>\n<script type=\"application\/ld+json\" class=\"yoast-schema-graph\">{\"@context\":\"https:\/\/schema.org\",\"@graph\":[{\"@type\":\"Article\",\"@id\":\"https:\/\/erbolinea.com\/salone-del-mobile-2024\/#article\",\"isPartOf\":{\"@id\":\"https:\/\/erbolinea.com\/salone-del-mobile-2024\/\"},\"author\":{\"name\":\"admin1234\",\"@id\":\"https:\/\/erbolinea.com\/#\/schema\/person\/8c729d9caed71d4e653acfb86881acd4\"},\"headline\":\"SALONE DEL MOBILE 2024\",\"datePublished\":\"2024-03-20T09:49:01+00:00\",\"dateModified\":\"2024-03-20T10:09:19+00:00\",\"mainEntityOfPage\":{\"@id\":\"https:\/\/erbolinea.com\/salone-del-mobile-2024\/\"},\"wordCount\":146,\"publisher\":{\"@id\":\"https:\/\/erbolinea.com\/#organization\"},\"image\":{\"@id\":\"https:\/\/erbolinea.com\/salone-del-mobile-2024\/#primaryimage\"},\"thumbnailUrl\":\"https:\/\/erbolinea.com\/wp-content\/uploads\/2024\/03\/Erbolinea_SaloneMobile_2024_80_2.jpg\",\"articleSection\":[\"Eventi\"],\"inLanguage\":\"de\"},{\"@type\":\"WebPage\",\"@id\":\"https:\/\/erbolinea.com\/salone-del-mobile-2024\/\",\"url\":\"https:\/\/erbolinea.com\/salone-del-mobile-2024\/\",\"name\":\"SALONE DEL MOBILE 2024 - Erbolinea - Store Fragrances\",\"isPartOf\":{\"@id\":\"https:\/\/erbolinea.com\/#website\"},\"primaryImageOfPage\":{\"@id\":\"https:\/\/erbolinea.com\/salone-del-mobile-2024\/#primaryimage\"},\"image\":{\"@id\":\"https:\/\/erbolinea.com\/salone-del-mobile-2024\/#primaryimage\"},\"thumbnailUrl\":\"https:\/\/erbolinea.com\/wp-content\/uploads\/2024\/03\/Erbolinea_SaloneMobile_2024_80_2.jpg\",\"datePublished\":\"2024-03-20T09:49:01+00:00\",\"dateModified\":\"2024-03-20T10:09:19+00:00\",\"breadcrumb\":{\"@id\":\"https:\/\/erbolinea.com\/salone-del-mobile-2024\/#breadcrumb\"},\"inLanguage\":\"de\",\"potentialAction\":[{\"@type\":\"ReadAction\",\"target\":[\"https:\/\/erbolinea.com\/salone-del-mobile-2024\/\"]}]},{\"@type\":\"ImageObject\",\"inLanguage\":\"de\",\"@id\":\"https:\/\/erbolinea.com\/salone-del-mobile-2024\/#primaryimage\",\"url\":\"https:\/\/erbolinea.com\/wp-content\/uploads\/2024\/03\/Erbolinea_SaloneMobile_2024_80_2.jpg\",\"contentUrl\":\"https:\/\/erbolinea.com\/wp-content\/uploads\/2024\/03\/Erbolinea_SaloneMobile_2024_80_2.jpg\",\"width\":1500,\"height\":1500},{\"@type\":\"BreadcrumbList\",\"@id\":\"https:\/\/erbolinea.com\/salone-del-mobile-2024\/#breadcrumb\",\"itemListElement\":[{\"@type\":\"ListItem\",\"position\":1,\"name\":\"Home\",\"item\":\"https:\/\/erbolinea.com\/\"},{\"@type\":\"ListItem\",\"position\":2,\"name\":\"SALONE DEL MOBILE 2024\"}]},{\"@type\":\"WebSite\",\"@id\":\"https:\/\/erbolinea.com\/#website\",\"url\":\"https:\/\/erbolinea.com\/\",\"name\":\"Erbolinea - Store Fragrances\",\"description\":\"Vendita diffusori di ambiente\",\"publisher\":{\"@id\":\"https:\/\/erbolinea.com\/#organization\"},\"alternateName\":\"Erbolinea\",\"potentialAction\":[{\"@type\":\"SearchAction\",\"target\":{\"@type\":\"EntryPoint\",\"urlTemplate\":\"https:\/\/erbolinea.com\/?s={search_term_string}\"},\"query-input\":{\"@type\":\"PropertyValueSpecification\",\"valueRequired\":true,\"valueName\":\"search_term_string\"}}],\"inLanguage\":\"de\"},{\"@type\":\"Organization\",\"@id\":\"https:\/\/erbolinea.com\/#organization\",\"name\":\"Erbolinea\",\"url\":\"https:\/\/erbolinea.com\/\",\"logo\":{\"@type\":\"ImageObject\",\"inLanguage\":\"de\",\"@id\":\"https:\/\/erbolinea.com\/#\/schema\/logo\/image\/\",\"url\":\"https:\/\/erbolinea.com\/wp-content\/uploads\/2020\/04\/logo-400x83_new.png\",\"contentUrl\":\"https:\/\/erbolinea.com\/wp-content\/uploads\/2020\/04\/logo-400x83_new.png\",\"width\":400,\"height\":103,\"caption\":\"Erbolinea\"},\"image\":{\"@id\":\"https:\/\/erbolinea.com\/#\/schema\/logo\/image\/\"},\"sameAs\":[\"https:\/\/www.facebook.com\/erbolinea\",\"https:\/\/www.instagram.com\/erbolinea_fragranze_srl\/\",\"https:\/\/www.youtube.com\/channel\/UCREXSGcI2lrYs6eT9VapG3w\"]},{\"@type\":\"Person\",\"@id\":\"https:\/\/erbolinea.com\/#\/schema\/person\/8c729d9caed71d4e653acfb86881acd4\",\"name\":\"admin1234\",\"image\":{\"@type\":\"ImageObject\",\"inLanguage\":\"de\",\"@id\":\"https:\/\/erbolinea.com\/#\/schema\/person\/image\/\",\"url\":\"https:\/\/secure.gravatar.com\/avatar\/af393e4c75a7db70664cc1f1f586f6ae3e750fd1b8bc951d8554fbfa5db26fc3?s=96&d=mm&r=g\",\"contentUrl\":\"https:\/\/secure.gravatar.com\/avatar\/af393e4c75a7db70664cc1f1f586f6ae3e750fd1b8bc951d8554fbfa5db26fc3?s=96&d=mm&r=g\",\"caption\":\"admin1234\"},\"url\":\"https:\/\/erbolinea.com\/de\/author\/admin1234\/\"}]}<\/script>\n<!-- \/ Yoast SEO Premium plugin. -->","yoast_head_json":{"title":"M\u00d6BELMESSE 2024 - Erbolinea - D\u00fcfte einkaufen","robots":{"index":"index","follow":"follow","max-snippet":"max-snippet:-1","max-image-preview":"max-image-preview:large","max-video-preview":"max-video-preview:-1"},"canonical":"https:\/\/erbolinea.com\/de\/salone-del-mobile-2024\/","og_locale":"de_DE","og_type":"article","og_title":"SALONE DEL MOBILE 2024","og_description":"Il Salone del Mobile \u00e8 l\u2019evento fieristico punto di riferimento a livello mondiale nel settore del design e dell\u2019arredamento. La manifestazione offre un panorama a 360\u00b0 sul mondo del sistema casa, dal pezzo unico al coordinato, dal classico al design. Un palcoscenico che da sempre coniuga business e cultura, facendo la storia del design e[...]","og_url":"https:\/\/erbolinea.com\/de\/salone-del-mobile-2024\/","og_site_name":"Erbolinea - Store Fragrances","article_publisher":"https:\/\/www.facebook.com\/erbolinea","article_published_time":"2024-03-20T09:49:01+00:00","article_modified_time":"2024-03-20T10:09:19+00:00","og_image":[{"width":1500,"height":1500,"url":"https:\/\/erbolinea.com\/wp-content\/uploads\/2024\/03\/Erbolinea_SaloneMobile_2024_80_2.jpg","type":"image\/jpeg"}],"author":"admin1234","twitter_card":"summary_large_image","twitter_misc":{"Verfasst von":"admin1234","Gesch\u00e4tzte Lesezeit":"1\u00a0Minute"},"schema":{"@context":"https:\/\/schema.org","@graph":[{"@type":"Article","@id":"https:\/\/erbolinea.com\/salone-del-mobile-2024\/#article","isPartOf":{"@id":"https:\/\/erbolinea.com\/salone-del-mobile-2024\/"},"author":{"name":"admin1234","@id":"https:\/\/erbolinea.com\/#\/schema\/person\/8c729d9caed71d4e653acfb86881acd4"},"headline":"SALONE DEL MOBILE 2024","datePublished":"2024-03-20T09:49:01+00:00","dateModified":"2024-03-20T10:09:19+00:00","mainEntityOfPage":{"@id":"https:\/\/erbolinea.com\/salone-del-mobile-2024\/"},"wordCount":146,"publisher":{"@id":"https:\/\/erbolinea.com\/#organization"},"image":{"@id":"https:\/\/erbolinea.com\/salone-del-mobile-2024\/#primaryimage"},"thumbnailUrl":"https:\/\/erbolinea.com\/wp-content\/uploads\/2024\/03\/Erbolinea_SaloneMobile_2024_80_2.jpg","articleSection":["Eventi"],"inLanguage":"de"},{"@type":"WebPage","@id":"https:\/\/erbolinea.com\/salone-del-mobile-2024\/","url":"https:\/\/erbolinea.com\/salone-del-mobile-2024\/","name":"M\u00d6BELMESSE 2024 - Erbolinea - D\u00fcfte einkaufen","isPartOf":{"@id":"https:\/\/erbolinea.com\/#website"},"primaryImageOfPage":{"@id":"https:\/\/erbolinea.com\/salone-del-mobile-2024\/#primaryimage"},"image":{"@id":"https:\/\/erbolinea.com\/salone-del-mobile-2024\/#primaryimage"},"thumbnailUrl":"https:\/\/erbolinea.com\/wp-content\/uploads\/2024\/03\/Erbolinea_SaloneMobile_2024_80_2.jpg","datePublished":"2024-03-20T09:49:01+00:00","dateModified":"2024-03-20T10:09:19+00:00","breadcrumb":{"@id":"https:\/\/erbolinea.com\/salone-del-mobile-2024\/#breadcrumb"},"inLanguage":"de","potentialAction":[{"@type":"ReadAction","target":["https:\/\/erbolinea.com\/salone-del-mobile-2024\/"]}]},{"@type":"ImageObject","inLanguage":"de","@id":"https:\/\/erbolinea.com\/salone-del-mobile-2024\/#primaryimage","url":"https:\/\/erbolinea.com\/wp-content\/uploads\/2024\/03\/Erbolinea_SaloneMobile_2024_80_2.jpg","contentUrl":"https:\/\/erbolinea.com\/wp-content\/uploads\/2024\/03\/Erbolinea_SaloneMobile_2024_80_2.jpg","width":1500,"height":1500},{"@type":"BreadcrumbList","@id":"https:\/\/erbolinea.com\/salone-del-mobile-2024\/#breadcrumb","itemListElement":[{"@type":"ListItem","position":1,"name":"Home","item":"https:\/\/erbolinea.com\/"},{"@type":"ListItem","position":2,"name":"SALONE DEL MOBILE 2024"}]},{"@type":"WebSite","@id":"https:\/\/erbolinea.com\/#website","url":"https:\/\/erbolinea.com\/","name":"Erbolinea - D\u00fcfte speichern","description":"Raumdiffusoren zu verkaufen","publisher":{"@id":"https:\/\/erbolinea.com\/#organization"},"alternateName":"Erbolinea","potentialAction":[{"@type":"SearchAction","target":{"@type":"EntryPoint","urlTemplate":"https:\/\/erbolinea.com\/?s={search_term_string}"},"query-input":{"@type":"PropertyValueSpecification","valueRequired":true,"valueName":"search_term_string"}}],"inLanguage":"de"},{"@type":"Organization","@id":"https:\/\/erbolinea.com\/#organization","name":"Erbolinea","url":"https:\/\/erbolinea.com\/","logo":{"@type":"ImageObject","inLanguage":"de","@id":"https:\/\/erbolinea.com\/#\/schema\/logo\/image\/","url":"https:\/\/erbolinea.com\/wp-content\/uploads\/2020\/04\/logo-400x83_new.png","contentUrl":"https:\/\/erbolinea.com\/wp-content\/uploads\/2020\/04\/logo-400x83_new.png","width":400,"height":103,"caption":"Erbolinea"},"image":{"@id":"https:\/\/erbolinea.com\/#\/schema\/logo\/image\/"},"sameAs":["https:\/\/www.facebook.com\/erbolinea","https:\/\/www.instagram.com\/erbolinea_fragranze_srl\/","https:\/\/www.youtube.com\/channel\/UCREXSGcI2lrYs6eT9VapG3w"]},{"@type":"Person","@id":"https:\/\/erbolinea.com\/#\/schema\/person\/8c729d9caed71d4e653acfb86881acd4","name":"admin1234","image":{"@type":"ImageObject","inLanguage":"de","@id":"https:\/\/erbolinea.com\/#\/schema\/person\/image\/","url":"https:\/\/secure.gravatar.com\/avatar\/af393e4c75a7db70664cc1f1f586f6ae3e750fd1b8bc951d8554fbfa5db26fc3?s=96&d=mm&r=g","contentUrl":"https:\/\/secure.gravatar.com\/avatar\/af393e4c75a7db70664cc1f1f586f6ae3e750fd1b8bc951d8554fbfa5db26fc3?s=96&d=mm&r=g","caption":"admin1234"},"url":"https:\/\/erbolinea.com\/de\/author\/admin1234\/"}]}},"_links":{"self":[{"href":"https:\/\/erbolinea.com\/de\/wp-json\/wp\/v2\/posts\/22986","targetHints":{"allow":["GET"]}}],"collection":[{"href":"https:\/\/erbolinea.com\/de\/wp-json\/wp\/v2\/posts"}],"about":[{"href":"https:\/\/erbolinea.com\/de\/wp-json\/wp\/v2\/types\/post"}],"author":[{"embeddable":true,"href":"https:\/\/erbolinea.com\/de\/wp-json\/wp\/v2\/users\/1"}],"replies":[{"embeddable":true,"href":"https:\/\/erbolinea.com\/de\/wp-json\/wp\/v2\/comments?post=22986"}],"version-history":[{"count":7,"href":"https:\/\/erbolinea.com\/de\/wp-json\/wp\/v2\/posts\/22986\/revisions"}],"predecessor-version":[{"id":22996,"href":"https:\/\/erbolinea.com\/de\/wp-json\/wp\/v2\/posts\/22986\/revisions\/22996"}],"wp:featuredmedia":[{"embeddable":true,"href":"https:\/\/erbolinea.com\/de\/wp-json\/wp\/v2\/media\/22992"}],"wp:attachment":[{"href":"https:\/\/erbolinea.com\/de\/wp-json\/wp\/v2\/media?parent=22986"}],"wp:term":[{"taxonomy":"category","embeddable":true,"href":"https:\/\/erbolinea.com\/de\/wp-json\/wp\/v2\/categories?post=22986"},{"taxonomy":"post_tag","embeddable":true,"href":"https:\/\/erbolinea.com\/de\/wp-json\/wp\/v2\/tags?post=22986"}],"curies":[{"name":"wp","href":"https:\/\/api.w.org\/{rel}","templated":true}]}}