{"id":22734,"date":"2024-02-12T10:30:01","date_gmt":"2024-02-12T09:30:01","guid":{"rendered":"https:\/\/erbolinea.com\/?p=22734"},"modified":"2024-02-12T18:43:40","modified_gmt":"2024-02-12T17:43:40","slug":"myplant-garden-2024","status":"publish","type":"post","link":"https:\/\/erbolinea.com\/de\/myplant-garden-2024\/","title":{"rendered":"MYPLANT &amp; GARDEN 2024"},"content":{"rendered":"<p style=\"text-align: center;\"><span style=\"color: #c00000;\">MYPLANT &amp; GARDEN: eine internationale Messe, an der die Akteure der gesamten gr\u00fcnen Lieferkette teilnehmen, von der Forschung bis zum Bau, vom Saatgut bis zur Forstwirtschaft, von der Produktion bis zur Innovation, von den weichen bis zu den harten Komponenten bis zum Vertrieb.<\/span><\/p>\n<p style=\"text-align: center;\"><span style=\"color: #c00000;\">Der Schwerpunkt der Messe liegt auf der Bedeutung von Gr\u00fcn f\u00fcr die Lebensqualit\u00e4t, das Klima, die Gesundheit und das Wohlbefinden in den eigenen vier W\u00e4nden und im st\u00e4dtischen Umfeld, die Stadterneuerung, Innovationen, die Bereitstellung von Ressourcen und Konsumtrends.<\/span><\/p>\n<h3 style=\"text-align: center;\">Wir freuen uns auf Ihren Besuch in Mailand vom 21. bis 23. Februar 2024 in Halle 12, Stand F05.<\/h3>\n<div class=\"row\"  id=\"row-2115193477\">\n<p style=\"text-align: center;\">\n\n\t<div id=\"col-828371892\" class=\"col small-12 large-12\"  >\n\t\t\t\t<div class=\"col-inner text-center\"  >\n\t\t\t\n\t\t\t\n<p style=\"text-align: center;\">\n\t<div class=\"img has-hover x md-x lg-x y md-y lg-y\" id=\"image_514308297\">\n\t\t\t\t\t\t\t\t<div class=\"img-inner dark\" >\n\t\t\t<img loading=\"lazy\" decoding=\"async\" width=\"800\" height=\"800\" src=\"https:\/\/erbolinea.com\/wp-content\/uploads\/2024\/02\/Erbolinea-17Feb24-800x800.jpg\" class=\"attachment-large size-large\" alt=\"\" srcset=\"https:\/\/erbolinea.com\/wp-content\/uploads\/2024\/02\/Erbolinea-17Feb24-800x800.jpg 800w, https:\/\/erbolinea.com\/wp-content\/uploads\/2024\/02\/Erbolinea-17Feb24-400x400.jpg 400w, https:\/\/erbolinea.com\/wp-content\/uploads\/2024\/02\/Erbolinea-17Feb24-500x500.jpg 500w, https:\/\/erbolinea.com\/wp-content\/uploads\/2024\/02\/Erbolinea-17Feb24-768x768.jpg 768w, https:\/\/erbolinea.com\/wp-content\/uploads\/2024\/02\/Erbolinea-17Feb24-12x12.jpg 12w, https:\/\/erbolinea.com\/wp-content\/uploads\/2024\/02\/Erbolinea-17Feb24-600x600.jpg 600w, https:\/\/erbolinea.com\/wp-content\/uploads\/2024\/02\/Erbolinea-17Feb24-170x170.jpg 170w, https:\/\/erbolinea.com\/wp-content\/uploads\/2024\/02\/Erbolinea-17Feb24.jpg 1500w\" sizes=\"auto, (max-width: 800px) 100vw, 800px\" \/>\t\t\t\t\t\t\n\t\t\t\t\t<\/div>\n\t\t\t\t\t\t\t\t\n<style>\n#image_514308297 {\n  width: 100%;\n}\n<\/style>\n\t<\/div>\n\t\n\t\t<\/div>\n\t\t\t\t\t<\/div>\n\n\t\n<\/div>","protected":false},"excerpt":{"rendered":"<p>MYPLANT &amp; GARDEN: eine internationale Messe, an der die Akteure der gesamten gr\u00fcnen Lieferkette beteiligt sind, von der Forschung bis zum Bau, vom Saatgut bis zur Forstwirtschaft, von der Produktion bis zur Innovation, von den weichen bis zu den harten Komponenten bis zum Vertrieb. Im Mittelpunkt der Ausstellung steht die Bedeutung von Gr\u00fcn f\u00fcr die Lebensqualit\u00e4t, das Klima, die Gesundheit und das Wohlbefinden in und um[...]","protected":false},"author":1,"featured_media":22735,"comment_status":"closed","ping_status":"closed","sticky":false,"template":"","format":"standard","meta":{"footnotes":""},"categories":[273],"tags":[],"class_list":["post-22734","post","type-post","status-publish","format-standard","has-post-thumbnail","hentry","category-eventi"],"yoast_head":"<!-- This site is optimized with the Yoast SEO Premium plugin v26.2 (Yoast SEO v26.4) - https:\/\/yoast.com\/wordpress\/plugins\/seo\/ -->\n<title>MYPLANT &amp; GARDEN 2024 - Erbolinea - Store Fragrances<\/title>\n<meta name=\"robots\" content=\"index, follow, max-snippet:-1, max-image-preview:large, max-video-preview:-1\" \/>\n<link rel=\"canonical\" href=\"https:\/\/erbolinea.com\/de\/myplant-garden-2024\/\" \/>\n<meta property=\"og:locale\" content=\"de_DE\" \/>\n<meta property=\"og:type\" content=\"article\" \/>\n<meta property=\"og:title\" content=\"MYPLANT &amp; GARDEN 2024\" \/>\n<meta property=\"og:description\" content=\"MYPLANT &#038; GARDEN: un\u2019esposizione internazionale che coinvolge gli attori di tutte le filiere del verde, dalla ricerca alle costruzioni, dal seme alle forestazioni, dalla produzione all\u2019innovazione, dalle componenti soft a quelle hard, alla distribuzione. Focus della fiera, \u00e8 l\u2019importanza del verde per la qualit\u00e0 della vita, il clima, la salute e il benessere dentro e[...]\" \/>\n<meta property=\"og:url\" content=\"https:\/\/erbolinea.com\/de\/myplant-garden-2024\/\" \/>\n<meta property=\"og:site_name\" content=\"Erbolinea - Store Fragrances\" \/>\n<meta property=\"article:publisher\" content=\"https:\/\/www.facebook.com\/erbolinea\" \/>\n<meta property=\"article:published_time\" content=\"2024-02-12T09:30:01+00:00\" \/>\n<meta property=\"article:modified_time\" content=\"2024-02-12T17:43:40+00:00\" \/>\n<meta property=\"og:image\" content=\"https:\/\/erbolinea.com\/wp-content\/uploads\/2024\/02\/Erbolinea-17Feb24.jpg\" \/>\n\t<meta property=\"og:image:width\" content=\"1500\" \/>\n\t<meta property=\"og:image:height\" content=\"1500\" \/>\n\t<meta property=\"og:image:type\" content=\"image\/jpeg\" \/>\n<meta name=\"author\" content=\"admin1234\" \/>\n<meta name=\"twitter:card\" content=\"summary_large_image\" \/>\n<meta name=\"twitter:label1\" content=\"Verfasst von\" \/>\n\t<meta name=\"twitter:data1\" content=\"admin1234\" \/>\n\t<meta name=\"twitter:label2\" content=\"Gesch\u00e4tzte Lesezeit\" \/>\n\t<meta name=\"twitter:data2\" content=\"1\u00a0Minute\" \/>\n<script type=\"application\/ld+json\" class=\"yoast-schema-graph\">{\"@context\":\"https:\/\/schema.org\",\"@graph\":[{\"@type\":\"Article\",\"@id\":\"https:\/\/erbolinea.com\/myplant-garden-2024\/#article\",\"isPartOf\":{\"@id\":\"https:\/\/erbolinea.com\/myplant-garden-2024\/\"},\"author\":{\"name\":\"admin1234\",\"@id\":\"https:\/\/erbolinea.com\/#\/schema\/person\/8c729d9caed71d4e653acfb86881acd4\"},\"headline\":\"MYPLANT &#038; GARDEN 2024\",\"datePublished\":\"2024-02-12T09:30:01+00:00\",\"dateModified\":\"2024-02-12T17:43:40+00:00\",\"mainEntityOfPage\":{\"@id\":\"https:\/\/erbolinea.com\/myplant-garden-2024\/\"},\"wordCount\":98,\"publisher\":{\"@id\":\"https:\/\/erbolinea.com\/#organization\"},\"image\":{\"@id\":\"https:\/\/erbolinea.com\/myplant-garden-2024\/#primaryimage\"},\"thumbnailUrl\":\"https:\/\/erbolinea.com\/wp-content\/uploads\/2024\/02\/Erbolinea-17Feb24.jpg\",\"articleSection\":[\"Eventi\"],\"inLanguage\":\"de\"},{\"@type\":\"WebPage\",\"@id\":\"https:\/\/erbolinea.com\/myplant-garden-2024\/\",\"url\":\"https:\/\/erbolinea.com\/myplant-garden-2024\/\",\"name\":\"MYPLANT & GARDEN 2024 - Erbolinea - Store Fragrances\",\"isPartOf\":{\"@id\":\"https:\/\/erbolinea.com\/#website\"},\"primaryImageOfPage\":{\"@id\":\"https:\/\/erbolinea.com\/myplant-garden-2024\/#primaryimage\"},\"image\":{\"@id\":\"https:\/\/erbolinea.com\/myplant-garden-2024\/#primaryimage\"},\"thumbnailUrl\":\"https:\/\/erbolinea.com\/wp-content\/uploads\/2024\/02\/Erbolinea-17Feb24.jpg\",\"datePublished\":\"2024-02-12T09:30:01+00:00\",\"dateModified\":\"2024-02-12T17:43:40+00:00\",\"breadcrumb\":{\"@id\":\"https:\/\/erbolinea.com\/myplant-garden-2024\/#breadcrumb\"},\"inLanguage\":\"de\",\"potentialAction\":[{\"@type\":\"ReadAction\",\"target\":[\"https:\/\/erbolinea.com\/myplant-garden-2024\/\"]}]},{\"@type\":\"ImageObject\",\"inLanguage\":\"de\",\"@id\":\"https:\/\/erbolinea.com\/myplant-garden-2024\/#primaryimage\",\"url\":\"https:\/\/erbolinea.com\/wp-content\/uploads\/2024\/02\/Erbolinea-17Feb24.jpg\",\"contentUrl\":\"https:\/\/erbolinea.com\/wp-content\/uploads\/2024\/02\/Erbolinea-17Feb24.jpg\",\"width\":1500,\"height\":1500},{\"@type\":\"BreadcrumbList\",\"@id\":\"https:\/\/erbolinea.com\/myplant-garden-2024\/#breadcrumb\",\"itemListElement\":[{\"@type\":\"ListItem\",\"position\":1,\"name\":\"Home\",\"item\":\"https:\/\/erbolinea.com\/\"},{\"@type\":\"ListItem\",\"position\":2,\"name\":\"MYPLANT &#038; GARDEN 2024\"}]},{\"@type\":\"WebSite\",\"@id\":\"https:\/\/erbolinea.com\/#website\",\"url\":\"https:\/\/erbolinea.com\/\",\"name\":\"Erbolinea - Store Fragrances\",\"description\":\"Vendita diffusori di ambiente\",\"publisher\":{\"@id\":\"https:\/\/erbolinea.com\/#organization\"},\"alternateName\":\"Erbolinea\",\"potentialAction\":[{\"@type\":\"SearchAction\",\"target\":{\"@type\":\"EntryPoint\",\"urlTemplate\":\"https:\/\/erbolinea.com\/?s={search_term_string}\"},\"query-input\":{\"@type\":\"PropertyValueSpecification\",\"valueRequired\":true,\"valueName\":\"search_term_string\"}}],\"inLanguage\":\"de\"},{\"@type\":\"Organization\",\"@id\":\"https:\/\/erbolinea.com\/#organization\",\"name\":\"Erbolinea\",\"url\":\"https:\/\/erbolinea.com\/\",\"logo\":{\"@type\":\"ImageObject\",\"inLanguage\":\"de\",\"@id\":\"https:\/\/erbolinea.com\/#\/schema\/logo\/image\/\",\"url\":\"https:\/\/erbolinea.com\/wp-content\/uploads\/2020\/04\/logo-400x83_new.png\",\"contentUrl\":\"https:\/\/erbolinea.com\/wp-content\/uploads\/2020\/04\/logo-400x83_new.png\",\"width\":400,\"height\":103,\"caption\":\"Erbolinea\"},\"image\":{\"@id\":\"https:\/\/erbolinea.com\/#\/schema\/logo\/image\/\"},\"sameAs\":[\"https:\/\/www.facebook.com\/erbolinea\",\"https:\/\/www.instagram.com\/erbolinea_fragranze_srl\/\",\"https:\/\/www.youtube.com\/channel\/UCREXSGcI2lrYs6eT9VapG3w\"]},{\"@type\":\"Person\",\"@id\":\"https:\/\/erbolinea.com\/#\/schema\/person\/8c729d9caed71d4e653acfb86881acd4\",\"name\":\"admin1234\",\"image\":{\"@type\":\"ImageObject\",\"inLanguage\":\"de\",\"@id\":\"https:\/\/erbolinea.com\/#\/schema\/person\/image\/\",\"url\":\"https:\/\/secure.gravatar.com\/avatar\/af393e4c75a7db70664cc1f1f586f6ae3e750fd1b8bc951d8554fbfa5db26fc3?s=96&d=mm&r=g\",\"contentUrl\":\"https:\/\/secure.gravatar.com\/avatar\/af393e4c75a7db70664cc1f1f586f6ae3e750fd1b8bc951d8554fbfa5db26fc3?s=96&d=mm&r=g\",\"caption\":\"admin1234\"},\"url\":\"https:\/\/erbolinea.com\/de\/author\/admin1234\/\"}]}<\/script>\n<!-- \/ Yoast SEO Premium plugin. -->","yoast_head_json":{"title":"MYPLANT &amp; GARDEN 2024 - Erbolinea - Store Fragrances","robots":{"index":"index","follow":"follow","max-snippet":"max-snippet:-1","max-image-preview":"max-image-preview:large","max-video-preview":"max-video-preview:-1"},"canonical":"https:\/\/erbolinea.com\/de\/myplant-garden-2024\/","og_locale":"de_DE","og_type":"article","og_title":"MYPLANT & GARDEN 2024","og_description":"MYPLANT &#038; GARDEN: un\u2019esposizione internazionale che coinvolge gli attori di tutte le filiere del verde, dalla ricerca alle costruzioni, dal seme alle forestazioni, dalla produzione all\u2019innovazione, dalle componenti soft a quelle hard, alla distribuzione. Focus della fiera, \u00e8 l\u2019importanza del verde per la qualit\u00e0 della vita, il clima, la salute e il benessere dentro e[...]","og_url":"https:\/\/erbolinea.com\/de\/myplant-garden-2024\/","og_site_name":"Erbolinea - Store Fragrances","article_publisher":"https:\/\/www.facebook.com\/erbolinea","article_published_time":"2024-02-12T09:30:01+00:00","article_modified_time":"2024-02-12T17:43:40+00:00","og_image":[{"width":1500,"height":1500,"url":"https:\/\/erbolinea.com\/wp-content\/uploads\/2024\/02\/Erbolinea-17Feb24.jpg","type":"image\/jpeg"}],"author":"admin1234","twitter_card":"summary_large_image","twitter_misc":{"Verfasst von":"admin1234","Gesch\u00e4tzte Lesezeit":"1\u00a0Minute"},"schema":{"@context":"https:\/\/schema.org","@graph":[{"@type":"Article","@id":"https:\/\/erbolinea.com\/myplant-garden-2024\/#article","isPartOf":{"@id":"https:\/\/erbolinea.com\/myplant-garden-2024\/"},"author":{"name":"admin1234","@id":"https:\/\/erbolinea.com\/#\/schema\/person\/8c729d9caed71d4e653acfb86881acd4"},"headline":"MYPLANT &#038; GARDEN 2024","datePublished":"2024-02-12T09:30:01+00:00","dateModified":"2024-02-12T17:43:40+00:00","mainEntityOfPage":{"@id":"https:\/\/erbolinea.com\/myplant-garden-2024\/"},"wordCount":98,"publisher":{"@id":"https:\/\/erbolinea.com\/#organization"},"image":{"@id":"https:\/\/erbolinea.com\/myplant-garden-2024\/#primaryimage"},"thumbnailUrl":"https:\/\/erbolinea.com\/wp-content\/uploads\/2024\/02\/Erbolinea-17Feb24.jpg","articleSection":["Eventi"],"inLanguage":"de"},{"@type":"WebPage","@id":"https:\/\/erbolinea.com\/myplant-garden-2024\/","url":"https:\/\/erbolinea.com\/myplant-garden-2024\/","name":"MYPLANT &amp; GARDEN 2024 - Erbolinea - Store Fragrances","isPartOf":{"@id":"https:\/\/erbolinea.com\/#website"},"primaryImageOfPage":{"@id":"https:\/\/erbolinea.com\/myplant-garden-2024\/#primaryimage"},"image":{"@id":"https:\/\/erbolinea.com\/myplant-garden-2024\/#primaryimage"},"thumbnailUrl":"https:\/\/erbolinea.com\/wp-content\/uploads\/2024\/02\/Erbolinea-17Feb24.jpg","datePublished":"2024-02-12T09:30:01+00:00","dateModified":"2024-02-12T17:43:40+00:00","breadcrumb":{"@id":"https:\/\/erbolinea.com\/myplant-garden-2024\/#breadcrumb"},"inLanguage":"de","potentialAction":[{"@type":"ReadAction","target":["https:\/\/erbolinea.com\/myplant-garden-2024\/"]}]},{"@type":"ImageObject","inLanguage":"de","@id":"https:\/\/erbolinea.com\/myplant-garden-2024\/#primaryimage","url":"https:\/\/erbolinea.com\/wp-content\/uploads\/2024\/02\/Erbolinea-17Feb24.jpg","contentUrl":"https:\/\/erbolinea.com\/wp-content\/uploads\/2024\/02\/Erbolinea-17Feb24.jpg","width":1500,"height":1500},{"@type":"BreadcrumbList","@id":"https:\/\/erbolinea.com\/myplant-garden-2024\/#breadcrumb","itemListElement":[{"@type":"ListItem","position":1,"name":"Home","item":"https:\/\/erbolinea.com\/"},{"@type":"ListItem","position":2,"name":"MYPLANT &#038; GARDEN 2024"}]},{"@type":"WebSite","@id":"https:\/\/erbolinea.com\/#website","url":"https:\/\/erbolinea.com\/","name":"Erbolinea - D\u00fcfte speichern","description":"Raumdiffusoren zu verkaufen","publisher":{"@id":"https:\/\/erbolinea.com\/#organization"},"alternateName":"Erbolinea","potentialAction":[{"@type":"SearchAction","target":{"@type":"EntryPoint","urlTemplate":"https:\/\/erbolinea.com\/?s={search_term_string}"},"query-input":{"@type":"PropertyValueSpecification","valueRequired":true,"valueName":"search_term_string"}}],"inLanguage":"de"},{"@type":"Organization","@id":"https:\/\/erbolinea.com\/#organization","name":"Erbolinea","url":"https:\/\/erbolinea.com\/","logo":{"@type":"ImageObject","inLanguage":"de","@id":"https:\/\/erbolinea.com\/#\/schema\/logo\/image\/","url":"https:\/\/erbolinea.com\/wp-content\/uploads\/2020\/04\/logo-400x83_new.png","contentUrl":"https:\/\/erbolinea.com\/wp-content\/uploads\/2020\/04\/logo-400x83_new.png","width":400,"height":103,"caption":"Erbolinea"},"image":{"@id":"https:\/\/erbolinea.com\/#\/schema\/logo\/image\/"},"sameAs":["https:\/\/www.facebook.com\/erbolinea","https:\/\/www.instagram.com\/erbolinea_fragranze_srl\/","https:\/\/www.youtube.com\/channel\/UCREXSGcI2lrYs6eT9VapG3w"]},{"@type":"Person","@id":"https:\/\/erbolinea.com\/#\/schema\/person\/8c729d9caed71d4e653acfb86881acd4","name":"admin1234","image":{"@type":"ImageObject","inLanguage":"de","@id":"https:\/\/erbolinea.com\/#\/schema\/person\/image\/","url":"https:\/\/secure.gravatar.com\/avatar\/af393e4c75a7db70664cc1f1f586f6ae3e750fd1b8bc951d8554fbfa5db26fc3?s=96&d=mm&r=g","contentUrl":"https:\/\/secure.gravatar.com\/avatar\/af393e4c75a7db70664cc1f1f586f6ae3e750fd1b8bc951d8554fbfa5db26fc3?s=96&d=mm&r=g","caption":"admin1234"},"url":"https:\/\/erbolinea.com\/de\/author\/admin1234\/"}]}},"_links":{"self":[{"href":"https:\/\/erbolinea.com\/de\/wp-json\/wp\/v2\/posts\/22734","targetHints":{"allow":["GET"]}}],"collection":[{"href":"https:\/\/erbolinea.com\/de\/wp-json\/wp\/v2\/posts"}],"about":[{"href":"https:\/\/erbolinea.com\/de\/wp-json\/wp\/v2\/types\/post"}],"author":[{"embeddable":true,"href":"https:\/\/erbolinea.com\/de\/wp-json\/wp\/v2\/users\/1"}],"replies":[{"embeddable":true,"href":"https:\/\/erbolinea.com\/de\/wp-json\/wp\/v2\/comments?post=22734"}],"version-history":[{"count":2,"href":"https:\/\/erbolinea.com\/de\/wp-json\/wp\/v2\/posts\/22734\/revisions"}],"predecessor-version":[{"id":22737,"href":"https:\/\/erbolinea.com\/de\/wp-json\/wp\/v2\/posts\/22734\/revisions\/22737"}],"wp:featuredmedia":[{"embeddable":true,"href":"https:\/\/erbolinea.com\/de\/wp-json\/wp\/v2\/media\/22735"}],"wp:attachment":[{"href":"https:\/\/erbolinea.com\/de\/wp-json\/wp\/v2\/media?parent=22734"}],"wp:term":[{"taxonomy":"category","embeddable":true,"href":"https:\/\/erbolinea.com\/de\/wp-json\/wp\/v2\/categories?post=22734"},{"taxonomy":"post_tag","embeddable":true,"href":"https:\/\/erbolinea.com\/de\/wp-json\/wp\/v2\/tags?post=22734"}],"curies":[{"name":"wp","href":"https:\/\/api.w.org\/{rel}","templated":true}]}}